{"id":67226,"date":"2025-09-01T14:43:08","date_gmt":"2025-09-01T13:43:08","guid":{"rendered":"https:\/\/pro.costa-verde.com\/?p=67226"},"modified":"2025-09-01T14:43:08","modified_gmt":"2025-09-01T13:43:08","slug":"sostenibilidad-que-inspira-el-compromiso-de-costa-verde-con-el-futuro","status":"publish","type":"post","link":"https:\/\/pro.costa-verde.com\/es\/sostenibilidad-que-inspira-el-compromiso-de-costa-verde-con-el-futuro\/","title":{"rendered":"Sostenibilidad que inspira: el compromiso de Costa Verde con el futuro"},"content":{"rendered":"<p>En la hoteler\u00eda contempor\u00e1nea, hablar de sostenibilidad es hablar de competitividad, responsabilidad e innovaci\u00f3n. En Costa Verde asumimos, hace m\u00e1s de dos d\u00e9cadas, que la gesti\u00f3n ambiental y social no pod\u00eda limitarse al cumplimiento de normas legales, sino que deb\u00eda ser parte esencial de nuestra identidad.<\/p>\n<p>Nuestro compromiso est\u00e1 certificado desde el inicio: desde 2003 contamos con la norma <strong>ISO 14001<\/strong>, referente al Sistema de Gesti\u00f3n Ambiental, y desde 2015 con la norma <strong>ISO 50001<\/strong>, de Gesti\u00f3n de la Energ\u00eda. A estas se suman la <strong>ISO 9001<\/strong>, la <strong>ISO 45001<\/strong> y la<strong> SA 8000<\/strong>, que demuestran la integraci\u00f3n de la calidad, la salud, la seguridad y la responsabilidad social en una estrategia de gesti\u00f3n coherente y transversal. En 2014 reforzamos nuestra posici\u00f3n global al adherirnos al Pacto Mundial de las Naciones Unidas, integrando sus diez principios sobre derechos humanos, condiciones laborales, medio ambiente y lucha contra la corrupci\u00f3n.<\/p>\n<p>M\u00e1s que n\u00fameros, hablamos de resultados concretos. En Costa Verde hemos implementado medidas pioneras de econom\u00eda circular, como la integraci\u00f3n de pr\u00e1cticamente el <strong>100% de los residuos de materias primas<\/strong> antes del proceso t\u00e9rmico, el env\u00edo del <strong>98% de los residuos industriales<\/strong> para su recuperaci\u00f3n por otras empresas y el reciclaje del agua tratada en nuestra planta de tratamiento. En el \u00e1mbito energ\u00e9tico, destacamos la instalaci\u00f3n, en 2011, de una unidad de recuperaci\u00f3n de calor, que permite reaprovechar los gases calientes de los hornos y reducir significativamente el consumo de gas y electricidad. A ello se suma la inversi\u00f3n en energ\u00edas renovables: actualmente, alrededor del <strong>25% de la energ\u00eda el\u00e9ctrica<\/strong> consumida procede de nuestra central fotovoltaica, con <strong>18.000 m\u00b2 de paneles solares<\/strong> y una potencia instalada de 1 MW, esperando un aumento gradual de esta producci\u00f3n en los pr\u00f3ximos a\u00f1os.<\/p>\n<p>La innovaci\u00f3n es otro pilar de este camino. Proyectos como <a href=\"https:\/\/pro.costa-verde.com\/es\/colecciones-gift\/endless-es\/\"><strong><em>Endless<\/em><\/strong><\/a>, desarrollado en colaboraci\u00f3n con Clementin Atelier, surgen de la transformaci\u00f3n de residuos de nuestra estaci\u00f3n de tratamiento de aguas en piezas \u00fanicas, creadas con un dise\u00f1o diferenciado y totalmente alineadas con los principios del ecodise\u00f1o y de la econom\u00eda circular, habiendo sido galardonado con el <a href=\"https:\/\/sustentabilidade.negocios.pt\/premio\/\"><strong>Premio Nacional de Sostenibilidad<\/strong><\/a>. Asimismo, la investigaci\u00f3n en colaboraci\u00f3n con la Universidad de Aveiro, a trav\u00e9s del proyecto <a href=\"https:\/\/pro.costa-verde.com\/es\/proyecto-flashpor\/\"><strong><em>Flashpor<\/em><\/strong><\/a>, abre camino a procesos de cocci\u00f3n alternativos, con menor consumo energ\u00e9tico y una huella de carbono sustancialmente reducida.<\/p>\n<p>El compromiso de Costa Verde se extiende tambi\u00e9n a la cadena de valor. Seleccionamos proveedores que comparten los mismos valores de responsabilidad ambiental y social, evalu\u00e1ndolos no solo por el precio o la calidad, sino tambi\u00e9n por las certificaciones, las buenas pr\u00e1cticas de sostenibilidad y el grado de alineaci\u00f3n con nuestro C\u00f3digo de \u00c9tica. A los proveedores m\u00e1s significativos aplicamos auditor\u00edas peri\u00f3dicas, garantizando que toda la cadena de suministro cumpla con rigurosos est\u00e1ndares de \u00e9tica y sostenibilidad.<\/p>\n<p>El futuro de la sostenibilidad en Costa Verde pasa por reforzar la transparencia con clientes, socios y comunidad. En 2025, adelantaremos la preparaci\u00f3n de nuestro Informe de Sostenibilidad, cumpliendo ya las exigencias de la directiva europea CSRD antes de la fecha legal obligatoria. Este ser\u00e1 un paso esencial para dar visibilidad al impacto ambiental y social de nuestra actividad, as\u00ed como a las medidas que diariamente tomamos para mitigarlo.<\/p>\n<p>En Costa Verde creemos que la sostenibilidad no es un destino final, sino un camino permanente de innovaci\u00f3n, eficiencia y responsabilidad. Un camino que nos enorgullece recorrer junto a nuestros socios en todo el mundo, y que garantiza que la porcelana portuguesa siga siendo sin\u00f3nimo de calidad, dise\u00f1o y compromiso con las generaciones futuras. As\u00ed es como reforzamos la confianza de quienes comparten esta visi\u00f3n con nosotros.<\/p>\n","protected":false},"excerpt":{"rendered":"<p>En la hoteler\u00eda contempor\u00e1nea, hablar de sostenibilidad es hablar de competitividad, responsabilidad e innovaci\u00f3n. En Costa Verde asumimos, hace m\u00e1s de dos d\u00e9cadas, que la gesti\u00f3n ambiental y social no pod\u00eda limitarse al cumplimiento de normas legales, sino que deb\u00eda ser parte esencial de nuestra identidad. Nuestro compromiso est\u00e1 certificado desde el inicio: desde 2003 [&hellip;]<\/p>\n","protected":false},"author":438,"featured_media":67236,"comment_status":"open","ping_status":"closed","sticky":false,"template":"","format":"standard","meta":{"footnotes":""},"categories":[196,248,155],"tags":[],"class_list":["post-67226","post","type-post","status-publish","format-standard","has-post-thumbnail","hentry","category-costa-verde-es","category-gastronomia-es","category-porcelana-es"],"yoast_head":"<!-- This site is optimized with the Yoast SEO plugin v26.9 - https:\/\/yoast.com\/product\/yoast-seo-wordpress\/ -->\n<title>\u00a1El compromiso de Costa Verde con el futuro!<\/title>\n<meta name=\"description\" content=\"Personalizaci\u00f3n de porcelana con dise\u00f1o e innovaci\u00f3n. Soluciones \u00fanicas para hosteler\u00eda, restauraci\u00f3n, empresas, eventos y comercio minorista\" \/>\n<meta name=\"robots\" content=\"index, follow, max-snippet:-1, max-image-preview:large, max-video-preview:-1\" \/>\n<link rel=\"canonical\" href=\"https:\/\/pro.costa-verde.com\/es\/sostenibilidad-que-inspira-el-compromiso-de-costa-verde-con-el-futuro\/\" \/>\n<meta property=\"og:locale\" content=\"es_ES\" \/>\n<meta property=\"og:type\" content=\"article\" \/>\n<meta property=\"og:title\" content=\"\u00a1El compromiso de Costa Verde con el futuro!\" \/>\n<meta property=\"og:description\" content=\"Personalizaci\u00f3n de porcelana con dise\u00f1o e innovaci\u00f3n. Soluciones \u00fanicas para hosteler\u00eda, restauraci\u00f3n, empresas, eventos y comercio minorista\" \/>\n<meta property=\"og:url\" content=\"https:\/\/pro.costa-verde.com\/es\/sostenibilidad-que-inspira-el-compromiso-de-costa-verde-con-el-futuro\/\" \/>\n<meta property=\"og:site_name\" content=\"Costa Verde\" \/>\n<meta property=\"article:publisher\" content=\"https:\/\/www.facebook.com\/costaverdeporcelanas\/\" \/>\n<meta property=\"article:published_time\" content=\"2025-09-01T13:43:08+00:00\" \/>\n<meta property=\"og:image\" content=\"https:\/\/pro.costa-verde.com\/wp-content\/uploads\/2025\/09\/paineis-solares-1.jpg\" \/>\n\t<meta property=\"og:image:width\" content=\"824\" \/>\n\t<meta property=\"og:image:height\" content=\"535\" \/>\n\t<meta property=\"og:image:type\" content=\"image\/jpeg\" \/>\n<meta name=\"author\" content=\"Rita Pires\" \/>\n<meta name=\"twitter:card\" content=\"summary_large_image\" \/>\n<meta name=\"twitter:label1\" content=\"Escrito por\" \/>\n\t<meta name=\"twitter:data1\" content=\"Rita Pires\" \/>\n\t<meta name=\"twitter:label2\" content=\"Tiempo de lectura\" \/>\n\t<meta name=\"twitter:data2\" content=\"4 minutos\" \/>\n<script type=\"application\/ld+json\" class=\"yoast-schema-graph\">{\"@context\":\"https:\/\/schema.org\",\"@graph\":[{\"@type\":\"Article\",\"@id\":\"https:\/\/pro.costa-verde.com\/es\/sostenibilidad-que-inspira-el-compromiso-de-costa-verde-con-el-futuro\/#article\",\"isPartOf\":{\"@id\":\"https:\/\/pro.costa-verde.com\/es\/sostenibilidad-que-inspira-el-compromiso-de-costa-verde-con-el-futuro\/\"},\"author\":{\"name\":\"Rita Pires\",\"@id\":\"https:\/\/pro.costa-verde.com\/#\/schema\/person\/f2a68a3a635720fb4c4232199425c92e\"},\"headline\":\"Sostenibilidad que inspira: el compromiso de Costa Verde con el futuro\",\"datePublished\":\"2025-09-01T13:43:08+00:00\",\"mainEntityOfPage\":{\"@id\":\"https:\/\/pro.costa-verde.com\/es\/sostenibilidad-que-inspira-el-compromiso-de-costa-verde-con-el-futuro\/\"},\"wordCount\":650,\"commentCount\":0,\"image\":{\"@id\":\"https:\/\/pro.costa-verde.com\/es\/sostenibilidad-que-inspira-el-compromiso-de-costa-verde-con-el-futuro\/#primaryimage\"},\"thumbnailUrl\":\"https:\/\/pro.costa-verde.com\/wp-content\/uploads\/2025\/09\/paineis-solares-1.jpg\",\"articleSection\":[\"Costa Verde\",\"Gastronom\u00eda\",\"Porcelana\"],\"inLanguage\":\"es\",\"potentialAction\":[{\"@type\":\"CommentAction\",\"name\":\"Comment\",\"target\":[\"https:\/\/pro.costa-verde.com\/es\/sostenibilidad-que-inspira-el-compromiso-de-costa-verde-con-el-futuro\/#respond\"]}]},{\"@type\":\"WebPage\",\"@id\":\"https:\/\/pro.costa-verde.com\/es\/sostenibilidad-que-inspira-el-compromiso-de-costa-verde-con-el-futuro\/\",\"url\":\"https:\/\/pro.costa-verde.com\/es\/sostenibilidad-que-inspira-el-compromiso-de-costa-verde-con-el-futuro\/\",\"name\":\"\u00a1El compromiso de Costa Verde con el futuro!\",\"isPartOf\":{\"@id\":\"https:\/\/pro.costa-verde.com\/#website\"},\"primaryImageOfPage\":{\"@id\":\"https:\/\/pro.costa-verde.com\/es\/sostenibilidad-que-inspira-el-compromiso-de-costa-verde-con-el-futuro\/#primaryimage\"},\"image\":{\"@id\":\"https:\/\/pro.costa-verde.com\/es\/sostenibilidad-que-inspira-el-compromiso-de-costa-verde-con-el-futuro\/#primaryimage\"},\"thumbnailUrl\":\"https:\/\/pro.costa-verde.com\/wp-content\/uploads\/2025\/09\/paineis-solares-1.jpg\",\"datePublished\":\"2025-09-01T13:43:08+00:00\",\"author\":{\"@id\":\"https:\/\/pro.costa-verde.com\/#\/schema\/person\/f2a68a3a635720fb4c4232199425c92e\"},\"description\":\"Personalizaci\u00f3n de porcelana con dise\u00f1o e innovaci\u00f3n. Soluciones \u00fanicas para hosteler\u00eda, restauraci\u00f3n, empresas, eventos y comercio minorista\",\"breadcrumb\":{\"@id\":\"https:\/\/pro.costa-verde.com\/es\/sostenibilidad-que-inspira-el-compromiso-de-costa-verde-con-el-futuro\/#breadcrumb\"},\"inLanguage\":\"es\",\"potentialAction\":[{\"@type\":\"ReadAction\",\"target\":[\"https:\/\/pro.costa-verde.com\/es\/sostenibilidad-que-inspira-el-compromiso-de-costa-verde-con-el-futuro\/\"]}]},{\"@type\":\"ImageObject\",\"inLanguage\":\"es\",\"@id\":\"https:\/\/pro.costa-verde.com\/es\/sostenibilidad-que-inspira-el-compromiso-de-costa-verde-con-el-futuro\/#primaryimage\",\"url\":\"https:\/\/pro.costa-verde.com\/wp-content\/uploads\/2025\/09\/paineis-solares-1.jpg\",\"contentUrl\":\"https:\/\/pro.costa-verde.com\/wp-content\/uploads\/2025\/09\/paineis-solares-1.jpg\",\"width\":824,\"height\":535},{\"@type\":\"BreadcrumbList\",\"@id\":\"https:\/\/pro.costa-verde.com\/es\/sostenibilidad-que-inspira-el-compromiso-de-costa-verde-con-el-futuro\/#breadcrumb\",\"itemListElement\":[{\"@type\":\"ListItem\",\"position\":1,\"name\":\"In\u00edcio\",\"item\":\"https:\/\/pro.costa-verde.com\/es\/\"},{\"@type\":\"ListItem\",\"position\":2,\"name\":\"Sostenibilidad que inspira: el compromiso de Costa Verde con el futuro\"}]},{\"@type\":\"WebSite\",\"@id\":\"https:\/\/pro.costa-verde.com\/#website\",\"url\":\"https:\/\/pro.costa-verde.com\/\",\"name\":\"Costa Verde\",\"description\":\"Loja Online\",\"potentialAction\":[{\"@type\":\"SearchAction\",\"target\":{\"@type\":\"EntryPoint\",\"urlTemplate\":\"https:\/\/pro.costa-verde.com\/?s={search_term_string}\"},\"query-input\":{\"@type\":\"PropertyValueSpecification\",\"valueRequired\":true,\"valueName\":\"search_term_string\"}}],\"inLanguage\":\"es\"},{\"@type\":\"Person\",\"@id\":\"https:\/\/pro.costa-verde.com\/#\/schema\/person\/f2a68a3a635720fb4c4232199425c92e\",\"name\":\"Rita Pires\",\"url\":\"https:\/\/pro.costa-verde.com\/es\/author\/rita-pires\/\"}]}<\/script>\n<!-- \/ Yoast SEO plugin. -->","yoast_head_json":{"title":"\u00a1El compromiso de Costa Verde con el futuro!","description":"Personalizaci\u00f3n de porcelana con dise\u00f1o e innovaci\u00f3n. Soluciones \u00fanicas para hosteler\u00eda, restauraci\u00f3n, empresas, eventos y comercio minorista","robots":{"index":"index","follow":"follow","max-snippet":"max-snippet:-1","max-image-preview":"max-image-preview:large","max-video-preview":"max-video-preview:-1"},"canonical":"https:\/\/pro.costa-verde.com\/es\/sostenibilidad-que-inspira-el-compromiso-de-costa-verde-con-el-futuro\/","og_locale":"es_ES","og_type":"article","og_title":"\u00a1El compromiso de Costa Verde con el futuro!","og_description":"Personalizaci\u00f3n de porcelana con dise\u00f1o e innovaci\u00f3n. Soluciones \u00fanicas para hosteler\u00eda, restauraci\u00f3n, empresas, eventos y comercio minorista","og_url":"https:\/\/pro.costa-verde.com\/es\/sostenibilidad-que-inspira-el-compromiso-de-costa-verde-con-el-futuro\/","og_site_name":"Costa Verde","article_publisher":"https:\/\/www.facebook.com\/costaverdeporcelanas\/","article_published_time":"2025-09-01T13:43:08+00:00","og_image":[{"width":824,"height":535,"url":"https:\/\/pro.costa-verde.com\/wp-content\/uploads\/2025\/09\/paineis-solares-1.jpg","type":"image\/jpeg"}],"author":"Rita Pires","twitter_card":"summary_large_image","twitter_misc":{"Escrito por":"Rita Pires","Tiempo de lectura":"4 minutos"},"schema":{"@context":"https:\/\/schema.org","@graph":[{"@type":"Article","@id":"https:\/\/pro.costa-verde.com\/es\/sostenibilidad-que-inspira-el-compromiso-de-costa-verde-con-el-futuro\/#article","isPartOf":{"@id":"https:\/\/pro.costa-verde.com\/es\/sostenibilidad-que-inspira-el-compromiso-de-costa-verde-con-el-futuro\/"},"author":{"name":"Rita Pires","@id":"https:\/\/pro.costa-verde.com\/#\/schema\/person\/f2a68a3a635720fb4c4232199425c92e"},"headline":"Sostenibilidad que inspira: el compromiso de Costa Verde con el futuro","datePublished":"2025-09-01T13:43:08+00:00","mainEntityOfPage":{"@id":"https:\/\/pro.costa-verde.com\/es\/sostenibilidad-que-inspira-el-compromiso-de-costa-verde-con-el-futuro\/"},"wordCount":650,"commentCount":0,"image":{"@id":"https:\/\/pro.costa-verde.com\/es\/sostenibilidad-que-inspira-el-compromiso-de-costa-verde-con-el-futuro\/#primaryimage"},"thumbnailUrl":"https:\/\/pro.costa-verde.com\/wp-content\/uploads\/2025\/09\/paineis-solares-1.jpg","articleSection":["Costa Verde","Gastronom\u00eda","Porcelana"],"inLanguage":"es","potentialAction":[{"@type":"CommentAction","name":"Comment","target":["https:\/\/pro.costa-verde.com\/es\/sostenibilidad-que-inspira-el-compromiso-de-costa-verde-con-el-futuro\/#respond"]}]},{"@type":"WebPage","@id":"https:\/\/pro.costa-verde.com\/es\/sostenibilidad-que-inspira-el-compromiso-de-costa-verde-con-el-futuro\/","url":"https:\/\/pro.costa-verde.com\/es\/sostenibilidad-que-inspira-el-compromiso-de-costa-verde-con-el-futuro\/","name":"\u00a1El compromiso de Costa Verde con el futuro!","isPartOf":{"@id":"https:\/\/pro.costa-verde.com\/#website"},"primaryImageOfPage":{"@id":"https:\/\/pro.costa-verde.com\/es\/sostenibilidad-que-inspira-el-compromiso-de-costa-verde-con-el-futuro\/#primaryimage"},"image":{"@id":"https:\/\/pro.costa-verde.com\/es\/sostenibilidad-que-inspira-el-compromiso-de-costa-verde-con-el-futuro\/#primaryimage"},"thumbnailUrl":"https:\/\/pro.costa-verde.com\/wp-content\/uploads\/2025\/09\/paineis-solares-1.jpg","datePublished":"2025-09-01T13:43:08+00:00","author":{"@id":"https:\/\/pro.costa-verde.com\/#\/schema\/person\/f2a68a3a635720fb4c4232199425c92e"},"description":"Personalizaci\u00f3n de porcelana con dise\u00f1o e innovaci\u00f3n. Soluciones \u00fanicas para hosteler\u00eda, restauraci\u00f3n, empresas, eventos y comercio minorista","breadcrumb":{"@id":"https:\/\/pro.costa-verde.com\/es\/sostenibilidad-que-inspira-el-compromiso-de-costa-verde-con-el-futuro\/#breadcrumb"},"inLanguage":"es","potentialAction":[{"@type":"ReadAction","target":["https:\/\/pro.costa-verde.com\/es\/sostenibilidad-que-inspira-el-compromiso-de-costa-verde-con-el-futuro\/"]}]},{"@type":"ImageObject","inLanguage":"es","@id":"https:\/\/pro.costa-verde.com\/es\/sostenibilidad-que-inspira-el-compromiso-de-costa-verde-con-el-futuro\/#primaryimage","url":"https:\/\/pro.costa-verde.com\/wp-content\/uploads\/2025\/09\/paineis-solares-1.jpg","contentUrl":"https:\/\/pro.costa-verde.com\/wp-content\/uploads\/2025\/09\/paineis-solares-1.jpg","width":824,"height":535},{"@type":"BreadcrumbList","@id":"https:\/\/pro.costa-verde.com\/es\/sostenibilidad-que-inspira-el-compromiso-de-costa-verde-con-el-futuro\/#breadcrumb","itemListElement":[{"@type":"ListItem","position":1,"name":"In\u00edcio","item":"https:\/\/pro.costa-verde.com\/es\/"},{"@type":"ListItem","position":2,"name":"Sostenibilidad que inspira: el compromiso de Costa Verde con el futuro"}]},{"@type":"WebSite","@id":"https:\/\/pro.costa-verde.com\/#website","url":"https:\/\/pro.costa-verde.com\/","name":"Costa Verde","description":"Loja Online","potentialAction":[{"@type":"SearchAction","target":{"@type":"EntryPoint","urlTemplate":"https:\/\/pro.costa-verde.com\/?s={search_term_string}"},"query-input":{"@type":"PropertyValueSpecification","valueRequired":true,"valueName":"search_term_string"}}],"inLanguage":"es"},{"@type":"Person","@id":"https:\/\/pro.costa-verde.com\/#\/schema\/person\/f2a68a3a635720fb4c4232199425c92e","name":"Rita Pires","url":"https:\/\/pro.costa-verde.com\/es\/author\/rita-pires\/"}]}},"_links":{"self":[{"href":"https:\/\/pro.costa-verde.com\/es\/wp-json\/wp\/v2\/posts\/67226","targetHints":{"allow":["GET"]}}],"collection":[{"href":"https:\/\/pro.costa-verde.com\/es\/wp-json\/wp\/v2\/posts"}],"about":[{"href":"https:\/\/pro.costa-verde.com\/es\/wp-json\/wp\/v2\/types\/post"}],"author":[{"embeddable":true,"href":"https:\/\/pro.costa-verde.com\/es\/wp-json\/wp\/v2\/users\/438"}],"replies":[{"embeddable":true,"href":"https:\/\/pro.costa-verde.com\/es\/wp-json\/wp\/v2\/comments?post=67226"}],"version-history":[{"count":3,"href":"https:\/\/pro.costa-verde.com\/es\/wp-json\/wp\/v2\/posts\/67226\/revisions"}],"predecessor-version":[{"id":67237,"href":"https:\/\/pro.costa-verde.com\/es\/wp-json\/wp\/v2\/posts\/67226\/revisions\/67237"}],"wp:featuredmedia":[{"embeddable":true,"href":"https:\/\/pro.costa-verde.com\/es\/wp-json\/wp\/v2\/media\/67236"}],"wp:attachment":[{"href":"https:\/\/pro.costa-verde.com\/es\/wp-json\/wp\/v2\/media?parent=67226"}],"wp:term":[{"taxonomy":"category","embeddable":true,"href":"https:\/\/pro.costa-verde.com\/es\/wp-json\/wp\/v2\/categories?post=67226"},{"taxonomy":"post_tag","embeddable":true,"href":"https:\/\/pro.costa-verde.com\/es\/wp-json\/wp\/v2\/tags?post=67226"}],"curies":[{"name":"wp","href":"https:\/\/api.w.org\/{rel}","templated":true}]}}