{"id":63967,"date":"2025-04-02T09:10:19","date_gmt":"2025-04-02T08:10:19","guid":{"rendered":"https:\/\/pro.costa-verde.com\/?p=63967"},"modified":"2025-04-02T09:13:08","modified_gmt":"2025-04-02T08:13:08","slug":"portugal-mas-que-un-destino-por-th2","status":"publish","type":"post","link":"https:\/\/pro.costa-verde.com\/es\/portugal-mas-que-un-destino-por-th2\/","title":{"rendered":"Portugal: M\u00e1s Que Un Destino, por TH2"},"content":{"rendered":"<p>Portugal no es solo otro punto en el mapa. Es una experiencia, una invitaci\u00f3n a desacelerar, a conectar, a sentir. En los \u00faltimos a\u00f1os, se ha destacado como el destino perfecto para tres tendencias que est\u00e1n redefiniendo el turismo: <strong>Slow Travel<\/strong>, <strong>Sostenibilidad <\/strong>y <strong>Solo Travel<\/strong>.<\/p>\n<p>Sum\u00e9rgete en esta tr\u00edada que hace de Portugal un lugar \u00fanico en el mundo.<\/p>\n<ul>\n<li><strong>Slow Travel: El Arte de Detenerse para Sentir<\/strong><\/li>\n<\/ul>\n<p>El <strong>Slow Travel<\/strong> no es solo una forma de viajar; es una filosof\u00eda de vida. Portugal, con su ritmo relajado y sus paisajes serenos, es el maestro de este arte. Aqu\u00ed, no hay prisa por verlo todo. Lo que importa es sentir.<\/p>\n<p>En Portugal, el <strong>Slow Travel<\/strong> es natural. Es el caf\u00e9 disfrutado sin prisas en una terraza, la puesta de sol interminable en la Costa Vicentina, la conversaci\u00f3n espont\u00e1nea con un local que, de repente, se convierte en amigo.<\/p>\n<p>Portugal no se descubre en un fin de semana. Requiere paciencia, curiosidad y apertura a los peque\u00f1os detalles.<\/p>\n<ul>\n<li><strong>Sostenibilidad: Un Compromiso con el Futuro<\/strong><\/li>\n<\/ul>\n<p>Mientras el mundo despierta la urgencia de viajar de forma m\u00e1s consciente, Portugal ha adoptado la sostenibilidad no como una moda, sino como una necesidad.<\/p>\n<p>Los productores locales son los h\u00e9roes de esta historia. Mercados como el <strong>Time Out Market<\/strong> en Lisboa o <strong>Mercado do Bolh\u00e3o<\/strong> en Oporto celebran los sabores del pa\u00eds, apoyando a las comunidades. La cultura vin\u00edcola, una de las mayores pasiones de Portugal, ha estado adoptando pr\u00e1cticas m\u00e1s ecol\u00f3gicas, con bodegas org\u00e1nicas multiplic\u00e1ndose de norte a sur.<\/p>\n<p>Y no podemos hablar de sostenibilidad sin mencionar los senderos que recorren el pa\u00eds. Desde la Rota Vicentina hasta las rutas de Madeira, cada caminata es una lecci\u00f3n de respeto por la naturaleza. Portugal demuestra que es posible explorar sin destruir, admirar sin interferir.<\/p>\n<ul>\n<li><strong>Solo Travel: La Libertad de Ser Solo Tuyo<\/strong><\/li>\n<\/ul>\n<p>Viajar solo es una de las experiencias m\u00e1s liberadoras que existen. Y Portugal, con su seguridad, hospitalidad y tama\u00f1o compacto, es el destino ideal para los aventureros en solitario.<\/p>\n<p>Lisboa y Oporto reciben los viajeros solitarios con los brazos abiertos. Pero el verdadero encanto del <strong>solo travel<\/strong> en Portugal est\u00e1 en su interior. En Alentejo, donde el silencio es tan vasto como sus llanuras. En Azores, donde cada isla es un mundo aparte. En Beira Alta, donde los castillos medievales parecen guardar secretos milenarios.<\/p>\n<p>Viajar solo por Portugal es una oportunidad para reconectarte contigo mismo, lejos del ruido del mundo.<\/p>\n<p><strong>Slow Travel<\/strong>, <strong>Sostenibilidad<\/strong> y <strong>Solo Travel<\/strong> no son solo tendencias pasajeras. Son movimientos que reflejan un deseo profundo de viajar con m\u00e1s significado, m\u00e1s conciencia y m\u00e1s autenticidad.<\/p>\n<p>As\u00ed que, la pr\u00f3xima vez que pienses en viajar, recuerda: Portugal no es solo un destino. Es una invitaci\u00f3n a desacelerar, a cuidar, a descubrir. Una invitaci\u00f3n que, una vez aceptada, nunca se olvidar\u00e1.<\/p>\n<p><img decoding=\"async\" class=\"alignnone wp-image-57416\" src=\"https:\/\/pro.costa-verde.com\/wp-content\/uploads\/2024\/04\/Catarina-Varao-300x300.jpeg\" alt=\"\" width=\"178\" height=\"178\" srcset=\"https:\/\/pro.costa-verde.com\/wp-content\/uploads\/2024\/04\/Catarina-Varao-300x300.jpeg 300w, https:\/\/pro.costa-verde.com\/wp-content\/uploads\/2024\/04\/Catarina-Varao-150x150.jpeg 150w, https:\/\/pro.costa-verde.com\/wp-content\/uploads\/2024\/04\/Catarina-Varao-768x768.jpeg 768w, https:\/\/pro.costa-verde.com\/wp-content\/uploads\/2024\/04\/Catarina-Varao-600x600.jpeg 600w, https:\/\/pro.costa-verde.com\/wp-content\/uploads\/2024\/04\/Catarina-Varao-120x120.jpeg 120w, https:\/\/pro.costa-verde.com\/wp-content\/uploads\/2024\/04\/Catarina-Varao.jpeg 800w\" sizes=\"(max-width: 178px) 100vw, 178px\" \/><\/p>\n<p><a href=\"https:\/\/www.linkedin.com\/in\/cvarao\/\">Catarina Var\u00e3o &#8211; General Manager en TH2<\/a><\/p>\n<p>\u00abHab\u00eda una vez una empresa formada por la pasi\u00f3n por los hoteles con encanto, la obsesi\u00f3n por la hospitalidad y la vocaci\u00f3n de servicio. Formamos equipos, lanzamos proyectos, auditamos departamentos. T de Turismo. H de Hospitality y proyectos 2 to square , impulsarlos y optimizarlos. Ese es el desaf\u00edo constante de esta empresa fundada en 2007 por m\u00ed, so\u00f1adora de su nombre Catarina Var\u00e3o\u00bb \u2013 <a href=\"https:\/\/www.th2.com.pt\/\">TH2<\/a><\/p>\n","protected":false},"excerpt":{"rendered":"<p>Portugal no es solo otro punto en el mapa. Es una experiencia, una invitaci\u00f3n a desacelerar, a conectar, a sentir. En los \u00faltimos a\u00f1os, se ha destacado como el destino perfecto para tres tendencias que est\u00e1n redefiniendo el turismo: Slow Travel, Sostenibilidad y Solo Travel. Sum\u00e9rgete en esta tr\u00edada que hace de Portugal un lugar [&hellip;]<\/p>\n","protected":false},"author":438,"featured_media":63975,"comment_status":"open","ping_status":"closed","sticky":false,"template":"","format":"standard","meta":{"footnotes":""},"categories":[196,248,265],"tags":[],"class_list":["post-63967","post","type-post","status-publish","format-standard","has-post-thumbnail","hentry","category-costa-verde-es","category-gastronomia-es","category-sin-categorizar"],"yoast_head":"<!-- This site is optimized with the Yoast SEO plugin v26.9 - https:\/\/yoast.com\/product\/yoast-seo-wordpress\/ -->\n<title>Portugal: M\u00e1s Que Un Destino, por TH2 - Costa Verde<\/title>\n<meta name=\"description\" content=\"Portugal no es solo otro punto en el mapa. Es una experiencia, una invitaci\u00f3n a desacelerar, a conectar, a sentir. Sepa m\u00e1s!\" \/>\n<meta name=\"robots\" content=\"index, follow, max-snippet:-1, max-image-preview:large, max-video-preview:-1\" \/>\n<link rel=\"canonical\" href=\"https:\/\/pro.costa-verde.com\/portugal-mais-do-que-um-destino-por-th2\/\" \/>\n<meta property=\"og:locale\" content=\"es_ES\" \/>\n<meta property=\"og:type\" content=\"article\" \/>\n<meta property=\"og:title\" content=\"Portugal: M\u00e1s Que Un Destino, por TH2 - Costa Verde\" \/>\n<meta property=\"og:description\" content=\"Portugal no es solo otro punto en el mapa. Es una experiencia, una invitaci\u00f3n a desacelerar, a conectar, a sentir. Sepa m\u00e1s!\" \/>\n<meta property=\"og:url\" content=\"https:\/\/pro.costa-verde.com\/portugal-mais-do-que-um-destino-por-th2\/\" \/>\n<meta property=\"og:site_name\" content=\"Costa Verde\" \/>\n<meta property=\"article:publisher\" content=\"https:\/\/www.facebook.com\/costaverdeporcelanas\/\" \/>\n<meta property=\"article:published_time\" content=\"2025-04-02T08:10:19+00:00\" \/>\n<meta property=\"article:modified_time\" content=\"2025-04-02T08:13:08+00:00\" \/>\n<meta property=\"og:image\" content=\"https:\/\/pro.costa-verde.com\/wp-content\/uploads\/2025\/04\/masood-aslami-Plf5Lyy47OM-unsplash.jpg\" \/>\n\t<meta property=\"og:image:width\" content=\"1920\" \/>\n\t<meta property=\"og:image:height\" content=\"1280\" \/>\n\t<meta property=\"og:image:type\" content=\"image\/jpeg\" \/>\n<meta name=\"author\" content=\"Rita Pires\" \/>\n<meta name=\"twitter:card\" content=\"summary_large_image\" \/>\n<meta name=\"twitter:label1\" content=\"Escrito por\" \/>\n\t<meta name=\"twitter:data1\" content=\"Rita Pires\" \/>\n\t<meta name=\"twitter:label2\" content=\"Tiempo de lectura\" \/>\n\t<meta name=\"twitter:data2\" content=\"3 minutos\" \/>\n<script type=\"application\/ld+json\" class=\"yoast-schema-graph\">{\"@context\":\"https:\/\/schema.org\",\"@graph\":[{\"@type\":\"Article\",\"@id\":\"https:\/\/pro.costa-verde.com\/portugal-mais-do-que-um-destino-por-th2\/#article\",\"isPartOf\":{\"@id\":\"https:\/\/pro.costa-verde.com\/portugal-mais-do-que-um-destino-por-th2\/\"},\"author\":{\"name\":\"Rita Pires\",\"@id\":\"https:\/\/pro.costa-verde.com\/#\/schema\/person\/f2a68a3a635720fb4c4232199425c92e\"},\"headline\":\"Portugal: M\u00e1s Que Un Destino, por TH2\",\"datePublished\":\"2025-04-02T08:10:19+00:00\",\"dateModified\":\"2025-04-02T08:13:08+00:00\",\"mainEntityOfPage\":{\"@id\":\"https:\/\/pro.costa-verde.com\/portugal-mais-do-que-um-destino-por-th2\/\"},\"wordCount\":580,\"commentCount\":0,\"image\":{\"@id\":\"https:\/\/pro.costa-verde.com\/portugal-mais-do-que-um-destino-por-th2\/#primaryimage\"},\"thumbnailUrl\":\"https:\/\/pro.costa-verde.com\/wp-content\/uploads\/2025\/04\/masood-aslami-Plf5Lyy47OM-unsplash.jpg\",\"articleSection\":[\"Costa Verde\",\"Gastronom\u00eda\",\"Sin categorizar\"],\"inLanguage\":\"es\",\"potentialAction\":[{\"@type\":\"CommentAction\",\"name\":\"Comment\",\"target\":[\"https:\/\/pro.costa-verde.com\/portugal-mais-do-que-um-destino-por-th2\/#respond\"]}]},{\"@type\":\"WebPage\",\"@id\":\"https:\/\/pro.costa-verde.com\/portugal-mais-do-que-um-destino-por-th2\/\",\"url\":\"https:\/\/pro.costa-verde.com\/portugal-mais-do-que-um-destino-por-th2\/\",\"name\":\"Portugal: M\u00e1s Que Un Destino, por TH2 - Costa Verde\",\"isPartOf\":{\"@id\":\"https:\/\/pro.costa-verde.com\/#website\"},\"primaryImageOfPage\":{\"@id\":\"https:\/\/pro.costa-verde.com\/portugal-mais-do-que-um-destino-por-th2\/#primaryimage\"},\"image\":{\"@id\":\"https:\/\/pro.costa-verde.com\/portugal-mais-do-que-um-destino-por-th2\/#primaryimage\"},\"thumbnailUrl\":\"https:\/\/pro.costa-verde.com\/wp-content\/uploads\/2025\/04\/masood-aslami-Plf5Lyy47OM-unsplash.jpg\",\"datePublished\":\"2025-04-02T08:10:19+00:00\",\"dateModified\":\"2025-04-02T08:13:08+00:00\",\"author\":{\"@id\":\"https:\/\/pro.costa-verde.com\/#\/schema\/person\/f2a68a3a635720fb4c4232199425c92e\"},\"description\":\"Portugal no es solo otro punto en el mapa. Es una experiencia, una invitaci\u00f3n a desacelerar, a conectar, a sentir. Sepa m\u00e1s!\",\"breadcrumb\":{\"@id\":\"https:\/\/pro.costa-verde.com\/portugal-mais-do-que-um-destino-por-th2\/#breadcrumb\"},\"inLanguage\":\"es\",\"potentialAction\":[{\"@type\":\"ReadAction\",\"target\":[\"https:\/\/pro.costa-verde.com\/portugal-mais-do-que-um-destino-por-th2\/\"]}]},{\"@type\":\"ImageObject\",\"inLanguage\":\"es\",\"@id\":\"https:\/\/pro.costa-verde.com\/portugal-mais-do-que-um-destino-por-th2\/#primaryimage\",\"url\":\"https:\/\/pro.costa-verde.com\/wp-content\/uploads\/2025\/04\/masood-aslami-Plf5Lyy47OM-unsplash.jpg\",\"contentUrl\":\"https:\/\/pro.costa-verde.com\/wp-content\/uploads\/2025\/04\/masood-aslami-Plf5Lyy47OM-unsplash.jpg\",\"width\":1920,\"height\":1280,\"caption\":\"Foto de Masood Aslami na Unsplash\"},{\"@type\":\"BreadcrumbList\",\"@id\":\"https:\/\/pro.costa-verde.com\/portugal-mais-do-que-um-destino-por-th2\/#breadcrumb\",\"itemListElement\":[{\"@type\":\"ListItem\",\"position\":1,\"name\":\"In\u00edcio\",\"item\":\"https:\/\/pro.costa-verde.com\/es\/\"},{\"@type\":\"ListItem\",\"position\":2,\"name\":\"Portugal: M\u00e1s Que Un Destino, por TH2\"}]},{\"@type\":\"WebSite\",\"@id\":\"https:\/\/pro.costa-verde.com\/#website\",\"url\":\"https:\/\/pro.costa-verde.com\/\",\"name\":\"Costa Verde\",\"description\":\"Loja Online\",\"potentialAction\":[{\"@type\":\"SearchAction\",\"target\":{\"@type\":\"EntryPoint\",\"urlTemplate\":\"https:\/\/pro.costa-verde.com\/?s={search_term_string}\"},\"query-input\":{\"@type\":\"PropertyValueSpecification\",\"valueRequired\":true,\"valueName\":\"search_term_string\"}}],\"inLanguage\":\"es\"},{\"@type\":\"Person\",\"@id\":\"https:\/\/pro.costa-verde.com\/#\/schema\/person\/f2a68a3a635720fb4c4232199425c92e\",\"name\":\"Rita Pires\",\"url\":\"https:\/\/pro.costa-verde.com\/es\/author\/rita-pires\/\"}]}<\/script>\n<!-- \/ Yoast SEO plugin. -->","yoast_head_json":{"title":"Portugal: M\u00e1s Que Un Destino, por TH2 - Costa Verde","description":"Portugal no es solo otro punto en el mapa. Es una experiencia, una invitaci\u00f3n a desacelerar, a conectar, a sentir. Sepa m\u00e1s!","robots":{"index":"index","follow":"follow","max-snippet":"max-snippet:-1","max-image-preview":"max-image-preview:large","max-video-preview":"max-video-preview:-1"},"canonical":"https:\/\/pro.costa-verde.com\/portugal-mais-do-que-um-destino-por-th2\/","og_locale":"es_ES","og_type":"article","og_title":"Portugal: M\u00e1s Que Un Destino, por TH2 - Costa Verde","og_description":"Portugal no es solo otro punto en el mapa. Es una experiencia, una invitaci\u00f3n a desacelerar, a conectar, a sentir. Sepa m\u00e1s!","og_url":"https:\/\/pro.costa-verde.com\/portugal-mais-do-que-um-destino-por-th2\/","og_site_name":"Costa Verde","article_publisher":"https:\/\/www.facebook.com\/costaverdeporcelanas\/","article_published_time":"2025-04-02T08:10:19+00:00","article_modified_time":"2025-04-02T08:13:08+00:00","og_image":[{"width":1920,"height":1280,"url":"https:\/\/pro.costa-verde.com\/wp-content\/uploads\/2025\/04\/masood-aslami-Plf5Lyy47OM-unsplash.jpg","type":"image\/jpeg"}],"author":"Rita Pires","twitter_card":"summary_large_image","twitter_misc":{"Escrito por":"Rita Pires","Tiempo de lectura":"3 minutos"},"schema":{"@context":"https:\/\/schema.org","@graph":[{"@type":"Article","@id":"https:\/\/pro.costa-verde.com\/portugal-mais-do-que-um-destino-por-th2\/#article","isPartOf":{"@id":"https:\/\/pro.costa-verde.com\/portugal-mais-do-que-um-destino-por-th2\/"},"author":{"name":"Rita Pires","@id":"https:\/\/pro.costa-verde.com\/#\/schema\/person\/f2a68a3a635720fb4c4232199425c92e"},"headline":"Portugal: M\u00e1s Que Un Destino, por TH2","datePublished":"2025-04-02T08:10:19+00:00","dateModified":"2025-04-02T08:13:08+00:00","mainEntityOfPage":{"@id":"https:\/\/pro.costa-verde.com\/portugal-mais-do-que-um-destino-por-th2\/"},"wordCount":580,"commentCount":0,"image":{"@id":"https:\/\/pro.costa-verde.com\/portugal-mais-do-que-um-destino-por-th2\/#primaryimage"},"thumbnailUrl":"https:\/\/pro.costa-verde.com\/wp-content\/uploads\/2025\/04\/masood-aslami-Plf5Lyy47OM-unsplash.jpg","articleSection":["Costa Verde","Gastronom\u00eda","Sin categorizar"],"inLanguage":"es","potentialAction":[{"@type":"CommentAction","name":"Comment","target":["https:\/\/pro.costa-verde.com\/portugal-mais-do-que-um-destino-por-th2\/#respond"]}]},{"@type":"WebPage","@id":"https:\/\/pro.costa-verde.com\/portugal-mais-do-que-um-destino-por-th2\/","url":"https:\/\/pro.costa-verde.com\/portugal-mais-do-que-um-destino-por-th2\/","name":"Portugal: M\u00e1s Que Un Destino, por TH2 - Costa Verde","isPartOf":{"@id":"https:\/\/pro.costa-verde.com\/#website"},"primaryImageOfPage":{"@id":"https:\/\/pro.costa-verde.com\/portugal-mais-do-que-um-destino-por-th2\/#primaryimage"},"image":{"@id":"https:\/\/pro.costa-verde.com\/portugal-mais-do-que-um-destino-por-th2\/#primaryimage"},"thumbnailUrl":"https:\/\/pro.costa-verde.com\/wp-content\/uploads\/2025\/04\/masood-aslami-Plf5Lyy47OM-unsplash.jpg","datePublished":"2025-04-02T08:10:19+00:00","dateModified":"2025-04-02T08:13:08+00:00","author":{"@id":"https:\/\/pro.costa-verde.com\/#\/schema\/person\/f2a68a3a635720fb4c4232199425c92e"},"description":"Portugal no es solo otro punto en el mapa. Es una experiencia, una invitaci\u00f3n a desacelerar, a conectar, a sentir. Sepa m\u00e1s!","breadcrumb":{"@id":"https:\/\/pro.costa-verde.com\/portugal-mais-do-que-um-destino-por-th2\/#breadcrumb"},"inLanguage":"es","potentialAction":[{"@type":"ReadAction","target":["https:\/\/pro.costa-verde.com\/portugal-mais-do-que-um-destino-por-th2\/"]}]},{"@type":"ImageObject","inLanguage":"es","@id":"https:\/\/pro.costa-verde.com\/portugal-mais-do-que-um-destino-por-th2\/#primaryimage","url":"https:\/\/pro.costa-verde.com\/wp-content\/uploads\/2025\/04\/masood-aslami-Plf5Lyy47OM-unsplash.jpg","contentUrl":"https:\/\/pro.costa-verde.com\/wp-content\/uploads\/2025\/04\/masood-aslami-Plf5Lyy47OM-unsplash.jpg","width":1920,"height":1280,"caption":"Foto de Masood Aslami na Unsplash"},{"@type":"BreadcrumbList","@id":"https:\/\/pro.costa-verde.com\/portugal-mais-do-que-um-destino-por-th2\/#breadcrumb","itemListElement":[{"@type":"ListItem","position":1,"name":"In\u00edcio","item":"https:\/\/pro.costa-verde.com\/es\/"},{"@type":"ListItem","position":2,"name":"Portugal: M\u00e1s Que Un Destino, por TH2"}]},{"@type":"WebSite","@id":"https:\/\/pro.costa-verde.com\/#website","url":"https:\/\/pro.costa-verde.com\/","name":"Costa Verde","description":"Loja Online","potentialAction":[{"@type":"SearchAction","target":{"@type":"EntryPoint","urlTemplate":"https:\/\/pro.costa-verde.com\/?s={search_term_string}"},"query-input":{"@type":"PropertyValueSpecification","valueRequired":true,"valueName":"search_term_string"}}],"inLanguage":"es"},{"@type":"Person","@id":"https:\/\/pro.costa-verde.com\/#\/schema\/person\/f2a68a3a635720fb4c4232199425c92e","name":"Rita Pires","url":"https:\/\/pro.costa-verde.com\/es\/author\/rita-pires\/"}]}},"_links":{"self":[{"href":"https:\/\/pro.costa-verde.com\/es\/wp-json\/wp\/v2\/posts\/63967","targetHints":{"allow":["GET"]}}],"collection":[{"href":"https:\/\/pro.costa-verde.com\/es\/wp-json\/wp\/v2\/posts"}],"about":[{"href":"https:\/\/pro.costa-verde.com\/es\/wp-json\/wp\/v2\/types\/post"}],"author":[{"embeddable":true,"href":"https:\/\/pro.costa-verde.com\/es\/wp-json\/wp\/v2\/users\/438"}],"replies":[{"embeddable":true,"href":"https:\/\/pro.costa-verde.com\/es\/wp-json\/wp\/v2\/comments?post=63967"}],"version-history":[{"count":1,"href":"https:\/\/pro.costa-verde.com\/es\/wp-json\/wp\/v2\/posts\/63967\/revisions"}],"predecessor-version":[{"id":63978,"href":"https:\/\/pro.costa-verde.com\/es\/wp-json\/wp\/v2\/posts\/63967\/revisions\/63978"}],"wp:featuredmedia":[{"embeddable":true,"href":"https:\/\/pro.costa-verde.com\/es\/wp-json\/wp\/v2\/media\/63975"}],"wp:attachment":[{"href":"https:\/\/pro.costa-verde.com\/es\/wp-json\/wp\/v2\/media?parent=63967"}],"wp:term":[{"taxonomy":"category","embeddable":true,"href":"https:\/\/pro.costa-verde.com\/es\/wp-json\/wp\/v2\/categories?post=63967"},{"taxonomy":"post_tag","embeddable":true,"href":"https:\/\/pro.costa-verde.com\/es\/wp-json\/wp\/v2\/tags?post=63967"}],"curies":[{"name":"wp","href":"https:\/\/api.w.org\/{rel}","templated":true}]}}