{"id":63249,"date":"2025-01-27T16:29:16","date_gmt":"2025-01-27T16:29:16","guid":{"rendered":"https:\/\/pro.costa-verde.com\/?p=63249"},"modified":"2025-05-23T14:59:36","modified_gmt":"2025-05-23T13:59:36","slug":"ano-nuevo-vida-nueva-en-su-restaurante-por-o-gerente","status":"publish","type":"post","link":"https:\/\/pro.costa-verde.com\/es\/ano-nuevo-vida-nueva-en-su-restaurante-por-o-gerente\/","title":{"rendered":"A\u00f1o nuevo, vida nueva en su restaurante, por O Gerente"},"content":{"rendered":"<p>\u201c\u00a1A\u00f1o nuevo, vida nueva!\u201d Esta es la frase que nos persigue cada vez que empieza un nuevo a\u00f1o, a menudo sin que sepamos muy bien por qu\u00e9.<\/p>\n<p>Es como si los 365 d\u00edas que quedan atr\u00e1s exigieran una transformaci\u00f3n, un punto de inflexi\u00f3n. A menudo pensamos esto, toda la gente alrededor a nuestro alrededor parece hacer lo mismo.<\/p>\n<p>Influenciados por el famoso efecto \u201creba\u00f1o\u201d, motivados por todos los que nos rodean, empezamos a conjurar planes, a crear listas de objetivos que hace mucho tiempo que queremos alcanzar, pero nunca hemos tenido la motivaci\u00f3n o la estrategia para materializarlos.<\/p>\n<p>A menudo, ni siquiera es por que nos queden ganas. Simplemente no sabemos c\u00f3mo dar el primer paso o c\u00f3mo mantener la constancia necesaria para llegar a donde queremos. Y por eso desistimos r\u00e1pidamente.<\/p>\n<p>Pero, \u00bfy si esta vez fuera diferente?<\/p>\n<p>\u00bfY si este a\u00f1o su restaurante tuviera realmente un a\u00f1o diferente?<\/p>\n<p>Los pasados 19, 20 y 21 de enero, la Semana del Restaurante Ganador fue el lugar donde m\u00e1s de 1.000 restaurantes y empresarios descubrieron el \u00abc\u00f3mo\u00bb. C\u00f3mo organizar eficazmente su restaurante, c\u00f3mo aumentar los beneficios en 2025 sin comprometer la calidad ni la oferta. Este evento, que combin\u00f3 pr\u00e1ctica con estrategia, puede haber sido el punto de inflexi\u00f3n para aquellos que quieren cambiar de rumbo y empezar a conseguir resultados concretos.<\/p>\n<p>Somos consultores de restauraci\u00f3n y ayudamos a los propietarios de restaurantes a conseguir resultados mediante un m\u00e9todo de gesti\u00f3n y marketing de eficacia probada.<\/p>\n<p>Desde el a\u00f1o 2000 llevamos colaborando en diversos proyectos relacionados con la restauraci\u00f3n, la apertura y gesti\u00f3n de restaurantes y bares, la organizaci\u00f3n de eventos, la consultor\u00eda y la gesti\u00f3n hotelera.<\/p>\n<p>Con una carrera dedicada a ayudar a los restaurantes, seguimos ayudando, ense\u00f1ando y aplicando m\u00e9todos de gesti\u00f3n y marketing que ya han transformado muchos negocios en Portugal y m\u00e1s all\u00e1.<\/p>\n<p>Seguiremos acercando a todos los empresarios de la restauraci\u00f3n un plan de gesti\u00f3n y marketing que no s\u00f3lo les garantice un apalancamiento en su negocio, sino que tambi\u00e9n les posicione en un lugar privilegiado en su mercado.<\/p>\n<p>En \u201cO Gerente\u201d queremos que su marca perdure durante muchos a\u00f1os y siga dejando huella en la historia como <a href=\"https:\/\/pro.costa-verde.com\/\">Costa Verde<\/a>, con su tradici\u00f3n y maestr\u00eda, donde cada pieza tiene una historia que contar.<\/p>\n<p>Si 2025 es el a\u00f1o para dar el paso que falta, la Semana del Restaurante Ganador fue el escenario para iniciar esta transformaci\u00f3n.<\/p>\n<p><img decoding=\"async\" class=\"alignnone wp-image-63229\" src=\"https:\/\/pro.costa-verde.com\/wp-content\/uploads\/2025\/01\/o_gerente-296x300.jpg\" alt=\"\" width=\"150\" height=\"152\" srcset=\"https:\/\/pro.costa-verde.com\/wp-content\/uploads\/2025\/01\/o_gerente-296x300.jpg 296w, https:\/\/pro.costa-verde.com\/wp-content\/uploads\/2025\/01\/o_gerente-768x778.jpg 768w, https:\/\/pro.costa-verde.com\/wp-content\/uploads\/2025\/01\/o_gerente-300x304.jpg 300w, https:\/\/pro.costa-verde.com\/wp-content\/uploads\/2025\/01\/o_gerente-600x608.jpg 600w, https:\/\/pro.costa-verde.com\/wp-content\/uploads\/2025\/01\/o_gerente-120x122.jpg 120w, https:\/\/pro.costa-verde.com\/wp-content\/uploads\/2025\/01\/o_gerente.jpg 781w\" sizes=\"(max-width: 150px) 100vw, 150px\" \/> <img decoding=\"async\" class=\"alignnone wp-image-63233\" src=\"https:\/\/pro.costa-verde.com\/wp-content\/uploads\/2025\/01\/o_gerente_sergio-300x300.jpg\" alt=\"\" width=\"153\" height=\"153\" srcset=\"https:\/\/pro.costa-verde.com\/wp-content\/uploads\/2025\/01\/o_gerente_sergio-300x299.jpg 300w, https:\/\/pro.costa-verde.com\/wp-content\/uploads\/2025\/01\/o_gerente_sergio-150x150.jpg 150w, https:\/\/pro.costa-verde.com\/wp-content\/uploads\/2025\/01\/o_gerente_sergio-768x766.jpg 768w, https:\/\/pro.costa-verde.com\/wp-content\/uploads\/2025\/01\/o_gerente_sergio-600x598.jpg 600w, https:\/\/pro.costa-verde.com\/wp-content\/uploads\/2025\/01\/o_gerente_sergio-120x120.jpg 120w, https:\/\/pro.costa-verde.com\/wp-content\/uploads\/2025\/01\/o_gerente_sergio.jpg 790w\" sizes=\"(max-width: 153px) 100vw, 153px\" \/><\/p>\n<p><strong>H\u00e9lder Santos<\/strong> &#8211; Co-Founder (a la derecha) e <strong>S\u00e9rgio Ara\u00fajo<\/strong> &#8211; Restaurant Consultant (a la izquierda)<\/p>\n<p>O Gerente, es una empresa de consultor\u00eda de restauraci\u00f3n que ayuda a los empresarios a obtener resultados a trav\u00e9s de un m\u00e9todo probado de gesti\u00f3n y marketing. Desde el a\u00f1o 2000, han colaborado en varios proyectos relacionados con la restauraci\u00f3n, apertura y gesti\u00f3n de restaurantes y bares, organizaci\u00f3n de eventos, consultor\u00eda y direcci\u00f3n hotelera.<\/p>\n","protected":false},"excerpt":{"rendered":"<p>\u201c\u00a1A\u00f1o nuevo, vida nueva!\u201d Esta es la frase que nos persigue cada vez que empieza un nuevo a\u00f1o, a menudo sin que sepamos muy bien por qu\u00e9. Es como si los 365 d\u00edas que quedan atr\u00e1s exigieran una transformaci\u00f3n, un punto de inflexi\u00f3n. A menudo pensamos esto, toda la gente alrededor a nuestro alrededor parece [&hellip;]<\/p>\n","protected":false},"author":438,"featured_media":63245,"comment_status":"open","ping_status":"closed","sticky":false,"template":"","format":"standard","meta":{"footnotes":""},"categories":[196,248,265],"tags":[],"class_list":["post-63249","post","type-post","status-publish","format-standard","has-post-thumbnail","hentry","category-costa-verde-es","category-gastronomia-es","category-sin-categorizar"],"yoast_head":"<!-- This site is optimized with the Yoast SEO plugin v26.9 - https:\/\/yoast.com\/product\/yoast-seo-wordpress\/ -->\n<title>A\u00f1o nuevo, vida nueva en su restaurante, por O Gerente - Costa Verde<\/title>\n<meta name=\"description\" content=\"\u00ab A\u00f1o nuevo, vida nueva \u00bb Esta es la frase que nos persigue cada vez que comienza un nuevo a\u00f1o, muchas veces sin que sepamos muy bien por qu\u00e9 \u00bb - O Gerente\" \/>\n<meta name=\"robots\" content=\"index, follow, max-snippet:-1, max-image-preview:large, max-video-preview:-1\" \/>\n<link rel=\"canonical\" href=\"https:\/\/pro.costa-verde.com\/ano-novo-vida-nova-no-restaurante\/\" \/>\n<meta property=\"og:locale\" content=\"es_ES\" \/>\n<meta property=\"og:type\" content=\"article\" \/>\n<meta property=\"og:title\" content=\"A\u00f1o nuevo, vida nueva en su restaurante, por O Gerente - Costa Verde\" \/>\n<meta property=\"og:description\" content=\"\u00ab A\u00f1o nuevo, vida nueva \u00bb Esta es la frase que nos persigue cada vez que comienza un nuevo a\u00f1o, muchas veces sin que sepamos muy bien por qu\u00e9 \u00bb - O Gerente\" \/>\n<meta property=\"og:url\" content=\"https:\/\/pro.costa-verde.com\/ano-novo-vida-nova-no-restaurante\/\" \/>\n<meta property=\"og:site_name\" content=\"Costa Verde\" \/>\n<meta property=\"article:publisher\" content=\"https:\/\/www.facebook.com\/costaverdeporcelanas\/\" \/>\n<meta property=\"article:published_time\" content=\"2025-01-27T16:29:16+00:00\" \/>\n<meta property=\"article:modified_time\" content=\"2025-05-23T13:59:36+00:00\" \/>\n<meta property=\"og:image\" content=\"https:\/\/pro.costa-verde.com\/wp-content\/uploads\/2025\/01\/O-gerente_concurso.jpg\" \/>\n\t<meta property=\"og:image:width\" content=\"892\" \/>\n\t<meta property=\"og:image:height\" content=\"894\" \/>\n\t<meta property=\"og:image:type\" content=\"image\/jpeg\" \/>\n<meta name=\"author\" content=\"Rita Pires\" \/>\n<meta name=\"twitter:card\" content=\"summary_large_image\" \/>\n<meta name=\"twitter:label1\" content=\"Escrito por\" \/>\n\t<meta name=\"twitter:data1\" content=\"Rita Pires\" \/>\n\t<meta name=\"twitter:label2\" content=\"Tiempo de lectura\" \/>\n\t<meta name=\"twitter:data2\" content=\"3 minutos\" \/>\n<script type=\"application\/ld+json\" class=\"yoast-schema-graph\">{\"@context\":\"https:\/\/schema.org\",\"@graph\":[{\"@type\":\"Article\",\"@id\":\"https:\/\/pro.costa-verde.com\/ano-novo-vida-nova-no-restaurante\/#article\",\"isPartOf\":{\"@id\":\"https:\/\/pro.costa-verde.com\/ano-novo-vida-nova-no-restaurante\/\"},\"author\":{\"name\":\"Rita Pires\",\"@id\":\"https:\/\/pro.costa-verde.com\/#\/schema\/person\/f2a68a3a635720fb4c4232199425c92e\"},\"headline\":\"A\u00f1o nuevo, vida nueva en su restaurante, por O Gerente\",\"datePublished\":\"2025-01-27T16:29:16+00:00\",\"dateModified\":\"2025-05-23T13:59:36+00:00\",\"mainEntityOfPage\":{\"@id\":\"https:\/\/pro.costa-verde.com\/ano-novo-vida-nova-no-restaurante\/\"},\"wordCount\":527,\"commentCount\":0,\"image\":{\"@id\":\"https:\/\/pro.costa-verde.com\/ano-novo-vida-nova-no-restaurante\/#primaryimage\"},\"thumbnailUrl\":\"https:\/\/pro.costa-verde.com\/wp-content\/uploads\/2025\/01\/O-gerente_concurso.jpg\",\"articleSection\":[\"Costa Verde\",\"Gastronom\u00eda\",\"Sin categorizar\"],\"inLanguage\":\"es\",\"potentialAction\":[{\"@type\":\"CommentAction\",\"name\":\"Comment\",\"target\":[\"https:\/\/pro.costa-verde.com\/ano-novo-vida-nova-no-restaurante\/#respond\"]}]},{\"@type\":\"WebPage\",\"@id\":\"https:\/\/pro.costa-verde.com\/ano-novo-vida-nova-no-restaurante\/\",\"url\":\"https:\/\/pro.costa-verde.com\/ano-novo-vida-nova-no-restaurante\/\",\"name\":\"A\u00f1o nuevo, vida nueva en su restaurante, por O Gerente - Costa Verde\",\"isPartOf\":{\"@id\":\"https:\/\/pro.costa-verde.com\/#website\"},\"primaryImageOfPage\":{\"@id\":\"https:\/\/pro.costa-verde.com\/ano-novo-vida-nova-no-restaurante\/#primaryimage\"},\"image\":{\"@id\":\"https:\/\/pro.costa-verde.com\/ano-novo-vida-nova-no-restaurante\/#primaryimage\"},\"thumbnailUrl\":\"https:\/\/pro.costa-verde.com\/wp-content\/uploads\/2025\/01\/O-gerente_concurso.jpg\",\"datePublished\":\"2025-01-27T16:29:16+00:00\",\"dateModified\":\"2025-05-23T13:59:36+00:00\",\"author\":{\"@id\":\"https:\/\/pro.costa-verde.com\/#\/schema\/person\/f2a68a3a635720fb4c4232199425c92e\"},\"description\":\"\u00ab A\u00f1o nuevo, vida nueva \u00bb Esta es la frase que nos persigue cada vez que comienza un nuevo a\u00f1o, muchas veces sin que sepamos muy bien por qu\u00e9 \u00bb - O Gerente\",\"breadcrumb\":{\"@id\":\"https:\/\/pro.costa-verde.com\/ano-novo-vida-nova-no-restaurante\/#breadcrumb\"},\"inLanguage\":\"es\",\"potentialAction\":[{\"@type\":\"ReadAction\",\"target\":[\"https:\/\/pro.costa-verde.com\/ano-novo-vida-nova-no-restaurante\/\"]}]},{\"@type\":\"ImageObject\",\"inLanguage\":\"es\",\"@id\":\"https:\/\/pro.costa-verde.com\/ano-novo-vida-nova-no-restaurante\/#primaryimage\",\"url\":\"https:\/\/pro.costa-verde.com\/wp-content\/uploads\/2025\/01\/O-gerente_concurso.jpg\",\"contentUrl\":\"https:\/\/pro.costa-verde.com\/wp-content\/uploads\/2025\/01\/O-gerente_concurso.jpg\",\"width\":892,\"height\":894},{\"@type\":\"BreadcrumbList\",\"@id\":\"https:\/\/pro.costa-verde.com\/ano-novo-vida-nova-no-restaurante\/#breadcrumb\",\"itemListElement\":[{\"@type\":\"ListItem\",\"position\":1,\"name\":\"In\u00edcio\",\"item\":\"https:\/\/pro.costa-verde.com\/es\/\"},{\"@type\":\"ListItem\",\"position\":2,\"name\":\"A\u00f1o nuevo, vida nueva en su restaurante, por O Gerente\"}]},{\"@type\":\"WebSite\",\"@id\":\"https:\/\/pro.costa-verde.com\/#website\",\"url\":\"https:\/\/pro.costa-verde.com\/\",\"name\":\"Costa Verde\",\"description\":\"Loja Online\",\"potentialAction\":[{\"@type\":\"SearchAction\",\"target\":{\"@type\":\"EntryPoint\",\"urlTemplate\":\"https:\/\/pro.costa-verde.com\/?s={search_term_string}\"},\"query-input\":{\"@type\":\"PropertyValueSpecification\",\"valueRequired\":true,\"valueName\":\"search_term_string\"}}],\"inLanguage\":\"es\"},{\"@type\":\"Person\",\"@id\":\"https:\/\/pro.costa-verde.com\/#\/schema\/person\/f2a68a3a635720fb4c4232199425c92e\",\"name\":\"Rita Pires\",\"url\":\"https:\/\/pro.costa-verde.com\/es\/author\/rita-pires\/\"}]}<\/script>\n<!-- \/ Yoast SEO plugin. -->","yoast_head_json":{"title":"A\u00f1o nuevo, vida nueva en su restaurante, por O Gerente - Costa Verde","description":"\u00ab A\u00f1o nuevo, vida nueva \u00bb Esta es la frase que nos persigue cada vez que comienza un nuevo a\u00f1o, muchas veces sin que sepamos muy bien por qu\u00e9 \u00bb - O Gerente","robots":{"index":"index","follow":"follow","max-snippet":"max-snippet:-1","max-image-preview":"max-image-preview:large","max-video-preview":"max-video-preview:-1"},"canonical":"https:\/\/pro.costa-verde.com\/ano-novo-vida-nova-no-restaurante\/","og_locale":"es_ES","og_type":"article","og_title":"A\u00f1o nuevo, vida nueva en su restaurante, por O Gerente - Costa Verde","og_description":"\u00ab A\u00f1o nuevo, vida nueva \u00bb Esta es la frase que nos persigue cada vez que comienza un nuevo a\u00f1o, muchas veces sin que sepamos muy bien por qu\u00e9 \u00bb - O Gerente","og_url":"https:\/\/pro.costa-verde.com\/ano-novo-vida-nova-no-restaurante\/","og_site_name":"Costa Verde","article_publisher":"https:\/\/www.facebook.com\/costaverdeporcelanas\/","article_published_time":"2025-01-27T16:29:16+00:00","article_modified_time":"2025-05-23T13:59:36+00:00","og_image":[{"width":892,"height":894,"url":"https:\/\/pro.costa-verde.com\/wp-content\/uploads\/2025\/01\/O-gerente_concurso.jpg","type":"image\/jpeg"}],"author":"Rita Pires","twitter_card":"summary_large_image","twitter_misc":{"Escrito por":"Rita Pires","Tiempo de lectura":"3 minutos"},"schema":{"@context":"https:\/\/schema.org","@graph":[{"@type":"Article","@id":"https:\/\/pro.costa-verde.com\/ano-novo-vida-nova-no-restaurante\/#article","isPartOf":{"@id":"https:\/\/pro.costa-verde.com\/ano-novo-vida-nova-no-restaurante\/"},"author":{"name":"Rita Pires","@id":"https:\/\/pro.costa-verde.com\/#\/schema\/person\/f2a68a3a635720fb4c4232199425c92e"},"headline":"A\u00f1o nuevo, vida nueva en su restaurante, por O Gerente","datePublished":"2025-01-27T16:29:16+00:00","dateModified":"2025-05-23T13:59:36+00:00","mainEntityOfPage":{"@id":"https:\/\/pro.costa-verde.com\/ano-novo-vida-nova-no-restaurante\/"},"wordCount":527,"commentCount":0,"image":{"@id":"https:\/\/pro.costa-verde.com\/ano-novo-vida-nova-no-restaurante\/#primaryimage"},"thumbnailUrl":"https:\/\/pro.costa-verde.com\/wp-content\/uploads\/2025\/01\/O-gerente_concurso.jpg","articleSection":["Costa Verde","Gastronom\u00eda","Sin categorizar"],"inLanguage":"es","potentialAction":[{"@type":"CommentAction","name":"Comment","target":["https:\/\/pro.costa-verde.com\/ano-novo-vida-nova-no-restaurante\/#respond"]}]},{"@type":"WebPage","@id":"https:\/\/pro.costa-verde.com\/ano-novo-vida-nova-no-restaurante\/","url":"https:\/\/pro.costa-verde.com\/ano-novo-vida-nova-no-restaurante\/","name":"A\u00f1o nuevo, vida nueva en su restaurante, por O Gerente - Costa Verde","isPartOf":{"@id":"https:\/\/pro.costa-verde.com\/#website"},"primaryImageOfPage":{"@id":"https:\/\/pro.costa-verde.com\/ano-novo-vida-nova-no-restaurante\/#primaryimage"},"image":{"@id":"https:\/\/pro.costa-verde.com\/ano-novo-vida-nova-no-restaurante\/#primaryimage"},"thumbnailUrl":"https:\/\/pro.costa-verde.com\/wp-content\/uploads\/2025\/01\/O-gerente_concurso.jpg","datePublished":"2025-01-27T16:29:16+00:00","dateModified":"2025-05-23T13:59:36+00:00","author":{"@id":"https:\/\/pro.costa-verde.com\/#\/schema\/person\/f2a68a3a635720fb4c4232199425c92e"},"description":"\u00ab A\u00f1o nuevo, vida nueva \u00bb Esta es la frase que nos persigue cada vez que comienza un nuevo a\u00f1o, muchas veces sin que sepamos muy bien por qu\u00e9 \u00bb - O Gerente","breadcrumb":{"@id":"https:\/\/pro.costa-verde.com\/ano-novo-vida-nova-no-restaurante\/#breadcrumb"},"inLanguage":"es","potentialAction":[{"@type":"ReadAction","target":["https:\/\/pro.costa-verde.com\/ano-novo-vida-nova-no-restaurante\/"]}]},{"@type":"ImageObject","inLanguage":"es","@id":"https:\/\/pro.costa-verde.com\/ano-novo-vida-nova-no-restaurante\/#primaryimage","url":"https:\/\/pro.costa-verde.com\/wp-content\/uploads\/2025\/01\/O-gerente_concurso.jpg","contentUrl":"https:\/\/pro.costa-verde.com\/wp-content\/uploads\/2025\/01\/O-gerente_concurso.jpg","width":892,"height":894},{"@type":"BreadcrumbList","@id":"https:\/\/pro.costa-verde.com\/ano-novo-vida-nova-no-restaurante\/#breadcrumb","itemListElement":[{"@type":"ListItem","position":1,"name":"In\u00edcio","item":"https:\/\/pro.costa-verde.com\/es\/"},{"@type":"ListItem","position":2,"name":"A\u00f1o nuevo, vida nueva en su restaurante, por O Gerente"}]},{"@type":"WebSite","@id":"https:\/\/pro.costa-verde.com\/#website","url":"https:\/\/pro.costa-verde.com\/","name":"Costa Verde","description":"Loja Online","potentialAction":[{"@type":"SearchAction","target":{"@type":"EntryPoint","urlTemplate":"https:\/\/pro.costa-verde.com\/?s={search_term_string}"},"query-input":{"@type":"PropertyValueSpecification","valueRequired":true,"valueName":"search_term_string"}}],"inLanguage":"es"},{"@type":"Person","@id":"https:\/\/pro.costa-verde.com\/#\/schema\/person\/f2a68a3a635720fb4c4232199425c92e","name":"Rita Pires","url":"https:\/\/pro.costa-verde.com\/es\/author\/rita-pires\/"}]}},"_links":{"self":[{"href":"https:\/\/pro.costa-verde.com\/es\/wp-json\/wp\/v2\/posts\/63249","targetHints":{"allow":["GET"]}}],"collection":[{"href":"https:\/\/pro.costa-verde.com\/es\/wp-json\/wp\/v2\/posts"}],"about":[{"href":"https:\/\/pro.costa-verde.com\/es\/wp-json\/wp\/v2\/types\/post"}],"author":[{"embeddable":true,"href":"https:\/\/pro.costa-verde.com\/es\/wp-json\/wp\/v2\/users\/438"}],"replies":[{"embeddable":true,"href":"https:\/\/pro.costa-verde.com\/es\/wp-json\/wp\/v2\/comments?post=63249"}],"version-history":[{"count":4,"href":"https:\/\/pro.costa-verde.com\/es\/wp-json\/wp\/v2\/posts\/63249\/revisions"}],"predecessor-version":[{"id":66242,"href":"https:\/\/pro.costa-verde.com\/es\/wp-json\/wp\/v2\/posts\/63249\/revisions\/66242"}],"wp:featuredmedia":[{"embeddable":true,"href":"https:\/\/pro.costa-verde.com\/es\/wp-json\/wp\/v2\/media\/63245"}],"wp:attachment":[{"href":"https:\/\/pro.costa-verde.com\/es\/wp-json\/wp\/v2\/media?parent=63249"}],"wp:term":[{"taxonomy":"category","embeddable":true,"href":"https:\/\/pro.costa-verde.com\/es\/wp-json\/wp\/v2\/categories?post=63249"},{"taxonomy":"post_tag","embeddable":true,"href":"https:\/\/pro.costa-verde.com\/es\/wp-json\/wp\/v2\/tags?post=63249"}],"curies":[{"name":"wp","href":"https:\/\/api.w.org\/{rel}","templated":true}]}}