{"id":59604,"date":"2024-07-03T09:53:56","date_gmt":"2024-07-03T08:53:56","guid":{"rendered":"https:\/\/pro.costa-verde.com\/?p=59604"},"modified":"2025-05-26T08:45:57","modified_gmt":"2025-05-26T07:45:57","slug":"las-confesiones-de-los-mejores-chefs-del-mundo-por-nelson-marques","status":"publish","type":"post","link":"https:\/\/pro.costa-verde.com\/es\/las-confesiones-de-los-mejores-chefs-del-mundo-por-nelson-marques\/","title":{"rendered":"Las confesiones de los mejores chefs del mundo, por Nelson Marques"},"content":{"rendered":"<p style=\"text-align: justify;\">Hace seis a\u00f1os, cuando pens\u00e9 en publicar el primer libro \u201cChefs Sem Reservas\u201d (Cocineros Sin Reservas), basado en las entrevistas que hab\u00eda publicado en el diario Expresso con algunos de los mejores chefs de Portugal y del mundo, estaba muy lejos de imaginar que ahora lanzar\u00eda el tercer volumen de esta colecci\u00f3n. De hecho, \u00e9sta es la historia de un libro \u2013 y de una colecci\u00f3n \u2013 que no deber\u00eda existir. Desde el principio, la idea no fue recibida con mucho entusiasmo: una amiga que se dispon\u00eda a dirigirme me aconsej\u00f3 que me dedicara a otro proyecto; un editor me asegur\u00f3 que \u00ablos libros de entrevistas no se venden\u00bb; y otra editora admiti\u00f3 que el libro \u00abquedar\u00eda muy bien\u00bb en su cartera, pero no \u00abvender\u00eda mucho\u00bb. Podr\u00eda haberme rendido, pero siempre he pensado que los obst\u00e1culos del camino eran un gran combustible para mi voluntad de triunfar. Cuanto mayor es el reto, mayor es la recompensa.<\/p>\n<p style=\"text-align: justify;\">Uno de los mayores retos de este proyecto fue que desde el principio qued\u00f3 claro que no iba a ser barato: quer\u00eda que el libro tuviera una fuerte identidad visual junto a las extraordinarias historias, tanto en t\u00e9rminos de fotograf\u00eda y dise\u00f1o como del papel utilizado para la impresi\u00f3n, lo que naturalmente increment\u00f3 los costes de producci\u00f3n, muy por encima de lo que es la realidad editorial nacional. Cre\u00ed que valdr\u00eda la pena hacer esta inversi\u00f3n para que el libro causara un impacto en el lector incluso antes de que empezara a leerlo, y siento un orgullo indescriptible por haber cumplido esta visi\u00f3n.<\/p>\n<p style=\"text-align: justify;\">Al llegar a las librer\u00edas el tercer volumen de esta colecci\u00f3n, es justo reconocer que s\u00f3lo fue posible llegar hasta aqu\u00ed porque hubo un grupo de parceros \u2013 a los que se uni\u00f3 <a href=\"https:\/\/pro.costa-verde.com\/es\/?_gl=1%2A1g1c2zv%2A_ga%2AOTcxOTgwMTMxLjE3MTk5OTYyMDY.%2A_up%2AMQ..%2A_ga_JN2ZRFB67Z%2AMTcxOTk5NjIwNi4xLjEuMTcxOTk5NjIxMy4wLjAuMA..%2A_ga_598TSNE0K8%2AMTcxOTk5NjIwNi4xLjEuMTcxOTk5NjIxMy4wLjAuMA..\">Costa Verde<\/a> en este \u00abTerceiro Prato\u00bb- y una editorial (<a href=\"https:\/\/www.clubedoautor.pt\/\">Clube do Autor<\/a>) que creyeron en este proyecto y muchos lectores que lo han apreciado desde el primer volumen. Ellos son la verdadera medida del \u00e9xito de esta colecci\u00f3n y fue muy especial ver a tantas personas \u2013 m\u00e1s de 150 \u2013 en el Sauvage CCB de Lisboa el d\u00eda 17 brindando por este nuevo volumen.<\/p>\n<p style=\"text-align: justify;\">En <a href=\"https:\/\/www.wook.pt\/livro\/chefs-sem-reservas-nelson-marques\/30044764\">Chefs sem reservas: Terceiro Prato<\/a>, los lectores encontrar\u00e1n un men\u00fa de conversaci\u00f3n con 15 chefs extraordinarios, ocho portugueses y siete internacionales, entre los que se encuentran algunos de los nombres m\u00e1s importantes de la alta cocina, como <a href=\"https:\/\/www.instagram.com\/elbullifoundation_ferranadria\/\">Ferran Adri\u00e1<\/a>, <a href=\"https:\/\/www.instagram.com\/dabizdiverxo\/\">Dabiz Mu\u00f1oz<\/a>, <a href=\"https:\/\/www.instagram.com\/virgiliocentral\/\">Virgilio Mart\u00ednez<\/a>, <a href=\"https:\/\/www.instagram.com\/maurocolagreco\/\">Mauro Colagreco<\/a>, <a href=\"https:\/\/www.instagram.com\/rasmusmunkalchemist\/\">Rasmus Munk<\/a> y <a href=\"https:\/\/www.instagram.com\/anaros40\/\">Ana Ros<\/a>. Se presentan abiertamente, sin reservas, revelando sus trayectorias de vida. Me gusta creer que estos inspiradores testimonios pueden ser de inter\u00e9s no s\u00f3lo para quienes se interesan por la gastronom\u00eda, sino tambi\u00e9n para todos aquellos que desean triunfar en cualquier \u00e1mbito de su vida.<\/p>\n<p>\u00a1Feliz lectura!<\/p>\n<p><img decoding=\"async\" class=\"alignnone wp-image-59612\" src=\"https:\/\/pro.costa-verde.com\/wp-content\/uploads\/2024\/07\/image_123650291-242x300.jpg\" alt=\"\" width=\"190\" height=\"236\" srcset=\"https:\/\/pro.costa-verde.com\/wp-content\/uploads\/2024\/07\/image_123650291-242x300.jpg 242w, https:\/\/pro.costa-verde.com\/wp-content\/uploads\/2024\/07\/image_123650291-827x1024.jpg 827w, https:\/\/pro.costa-verde.com\/wp-content\/uploads\/2024\/07\/image_123650291-768x950.jpg 768w, https:\/\/pro.costa-verde.com\/wp-content\/uploads\/2024\/07\/image_123650291-300x371.jpg 300w, https:\/\/pro.costa-verde.com\/wp-content\/uploads\/2024\/07\/image_123650291-600x742.jpg 600w, https:\/\/pro.costa-verde.com\/wp-content\/uploads\/2024\/07\/image_123650291-120x148.jpg 120w, https:\/\/pro.costa-verde.com\/wp-content\/uploads\/2024\/07\/image_123650291.jpg 1179w\" sizes=\"(max-width: 190px) 100vw, 190px\" \/><\/p>\n<p><strong>Nelson Marques<\/strong> (n. 1979) fue periodista durante m\u00e1s de dos d\u00e9cadas, habiendo trabajado en las redacciones de Expresso, donde fue coordinador de la revista, y P\u00fablico. Ha colaborado con SIC, RTP y numerosos medios nacionales, y ha escrito para diversas publicaciones internacionales, como The Guardian (Reino Unido), El Mundo (Espa\u00f1a), The Jerusalem Post (Israel) y \u00c9poca (Brasil).<\/p>\n<p>Ha publicado cientos de reportajes, destapado un esc\u00e1ndalo de acoso sexual del expresidente de la FIFA Sepp Blatter, cubierto las elecciones que llevaron a Bolsonaro al poder en Brasil y entrevistado a algunas de las personalidades m\u00e1s importantes del planeta, desde Al Gore a Anthony Bourdain, pasando por Philippe Starck, Renzo Piano, Christian Louboutin, David LaChapelle, Katy Perry, Ronaldinho Ga\u00facho y muchos otros, entre ellos ganadores de premios Nobel, Oscar, Emmy, Grammy y Pulitzer.<\/p>\n<p>Su trabajo ha sido galardonado por el Club Portugu\u00e9s de Prensa, la Liga Portuguesa contra el C\u00e1ncer, el Premio Europeo al Mejor Reportero sobre el C\u00e1ncer, la Asociaci\u00f3n Nacional de Municipios Portugueses y los Premios Gourmand.<br \/>\nEs autor de los libros Filhos da Quimio (2018), Chefs Sem Reservas (2019), Os Homens Tamb\u00e9m Choram (2021), Chefs Sem Reservas: Segundo Prato (2022), O Sucesso Est\u00e1 Nos Detalhes (2023) y Chefs Sem Reservas: Terceiro Prato. Tambi\u00e9n es autor de Futuro, uno de los vol\u00famenes del libro que conmemora el 150 aniversario de Corticeira Amorim.<\/p>\n<p>Cree, quiz\u00e1 ingenuamente, que son los libros los que salvar\u00e1n al mundo de los b\u00e1rbaros.<\/p>\n","protected":false},"excerpt":{"rendered":"<p>Hace seis a\u00f1os, cuando pens\u00e9 en publicar el primer libro \u201cChefs Sem Reservas\u201d (Cocineros Sin Reservas), basado en las entrevistas que hab\u00eda publicado en el diario Expresso con algunos de los mejores chefs de Portugal y del mundo, estaba muy lejos de imaginar que ahora lanzar\u00eda el tercer volumen de esta colecci\u00f3n. De hecho, \u00e9sta [&hellip;]<\/p>\n","protected":false},"author":438,"featured_media":59618,"comment_status":"open","ping_status":"closed","sticky":false,"template":"","format":"standard","meta":{"footnotes":""},"categories":[196,248,265],"tags":[],"class_list":["post-59604","post","type-post","status-publish","format-standard","has-post-thumbnail","hentry","category-costa-verde-es","category-gastronomia-es","category-sin-categorizar"],"yoast_head":"<!-- This site is optimized with the Yoast SEO plugin v26.9 - https:\/\/yoast.com\/product\/yoast-seo-wordpress\/ -->\n<title>Las confesiones de los mejores chefs del mundo, por Nelson Marques<\/title>\n<meta name=\"description\" content=\"Nelson Marques, uno de los mejores chefs del mundo, nos cuenta un poco sobre su \u00faltimo libro \u2013 Chefs Sin Reservas: Tercer Plato.\" \/>\n<meta name=\"robots\" content=\"index, follow, max-snippet:-1, max-image-preview:large, max-video-preview:-1\" \/>\n<link rel=\"canonical\" href=\"https:\/\/pro.costa-verde.com\/as-confissoes-dos-melhores-chefs-do-mundo-por-nelson-marques\/\" \/>\n<meta property=\"og:locale\" content=\"es_ES\" \/>\n<meta property=\"og:type\" content=\"article\" \/>\n<meta property=\"og:title\" content=\"Las confesiones de los mejores chefs del mundo, por Nelson Marques\" \/>\n<meta property=\"og:description\" content=\"Nelson Marques, uno de los mejores chefs del mundo, nos cuenta un poco sobre su \u00faltimo libro \u2013 Chefs Sin Reservas: Tercer Plato.\" \/>\n<meta property=\"og:url\" content=\"https:\/\/pro.costa-verde.com\/as-confissoes-dos-melhores-chefs-do-mundo-por-nelson-marques\/\" \/>\n<meta property=\"og:site_name\" content=\"Costa Verde\" \/>\n<meta property=\"article:publisher\" content=\"https:\/\/www.facebook.com\/costaverdeporcelanas\/\" \/>\n<meta property=\"article:published_time\" content=\"2024-07-03T08:53:56+00:00\" \/>\n<meta property=\"article:modified_time\" content=\"2025-05-26T07:45:57+00:00\" \/>\n<meta property=\"og:image\" content=\"https:\/\/pro.costa-verde.com\/wp-content\/uploads\/2024\/07\/Shout-Estudio-Shout-Sauvage-CCB-Chefs-Sem-Reservas-Nelson-Marques-0150_websize-1-1.jpg\" \/>\n\t<meta property=\"og:image:width\" content=\"1067\" \/>\n\t<meta property=\"og:image:height\" content=\"919\" \/>\n\t<meta property=\"og:image:type\" content=\"image\/jpeg\" \/>\n<meta name=\"author\" content=\"Rita Pires\" \/>\n<meta name=\"twitter:card\" content=\"summary_large_image\" \/>\n<meta name=\"twitter:label1\" content=\"Escrito por\" \/>\n\t<meta name=\"twitter:data1\" content=\"Rita Pires\" \/>\n\t<meta name=\"twitter:label2\" content=\"Tiempo de lectura\" \/>\n\t<meta name=\"twitter:data2\" content=\"4 minutos\" \/>\n<script type=\"application\/ld+json\" class=\"yoast-schema-graph\">{\"@context\":\"https:\/\/schema.org\",\"@graph\":[{\"@type\":\"Article\",\"@id\":\"https:\/\/pro.costa-verde.com\/as-confissoes-dos-melhores-chefs-do-mundo-por-nelson-marques\/#article\",\"isPartOf\":{\"@id\":\"https:\/\/pro.costa-verde.com\/as-confissoes-dos-melhores-chefs-do-mundo-por-nelson-marques\/\"},\"author\":{\"name\":\"Rita Pires\",\"@id\":\"https:\/\/pro.costa-verde.com\/#\/schema\/person\/f2a68a3a635720fb4c4232199425c92e\"},\"headline\":\"Las confesiones de los mejores chefs del mundo, por Nelson Marques\",\"datePublished\":\"2024-07-03T08:53:56+00:00\",\"dateModified\":\"2025-05-26T07:45:57+00:00\",\"mainEntityOfPage\":{\"@id\":\"https:\/\/pro.costa-verde.com\/as-confissoes-dos-melhores-chefs-do-mundo-por-nelson-marques\/\"},\"wordCount\":739,\"commentCount\":0,\"image\":{\"@id\":\"https:\/\/pro.costa-verde.com\/as-confissoes-dos-melhores-chefs-do-mundo-por-nelson-marques\/#primaryimage\"},\"thumbnailUrl\":\"https:\/\/pro.costa-verde.com\/wp-content\/uploads\/2024\/07\/Shout-Estudio-Shout-Sauvage-CCB-Chefs-Sem-Reservas-Nelson-Marques-0150_websize-1-1.jpg\",\"articleSection\":[\"Costa Verde\",\"Gastronom\u00eda\",\"Sin categorizar\"],\"inLanguage\":\"es\",\"potentialAction\":[{\"@type\":\"CommentAction\",\"name\":\"Comment\",\"target\":[\"https:\/\/pro.costa-verde.com\/as-confissoes-dos-melhores-chefs-do-mundo-por-nelson-marques\/#respond\"]}]},{\"@type\":\"WebPage\",\"@id\":\"https:\/\/pro.costa-verde.com\/as-confissoes-dos-melhores-chefs-do-mundo-por-nelson-marques\/\",\"url\":\"https:\/\/pro.costa-verde.com\/as-confissoes-dos-melhores-chefs-do-mundo-por-nelson-marques\/\",\"name\":\"Las confesiones de los mejores chefs del mundo, por Nelson Marques\",\"isPartOf\":{\"@id\":\"https:\/\/pro.costa-verde.com\/#website\"},\"primaryImageOfPage\":{\"@id\":\"https:\/\/pro.costa-verde.com\/as-confissoes-dos-melhores-chefs-do-mundo-por-nelson-marques\/#primaryimage\"},\"image\":{\"@id\":\"https:\/\/pro.costa-verde.com\/as-confissoes-dos-melhores-chefs-do-mundo-por-nelson-marques\/#primaryimage\"},\"thumbnailUrl\":\"https:\/\/pro.costa-verde.com\/wp-content\/uploads\/2024\/07\/Shout-Estudio-Shout-Sauvage-CCB-Chefs-Sem-Reservas-Nelson-Marques-0150_websize-1-1.jpg\",\"datePublished\":\"2024-07-03T08:53:56+00:00\",\"dateModified\":\"2025-05-26T07:45:57+00:00\",\"author\":{\"@id\":\"https:\/\/pro.costa-verde.com\/#\/schema\/person\/f2a68a3a635720fb4c4232199425c92e\"},\"description\":\"Nelson Marques, uno de los mejores chefs del mundo, nos cuenta un poco sobre su \u00faltimo libro \u2013 Chefs Sin Reservas: Tercer Plato.\",\"breadcrumb\":{\"@id\":\"https:\/\/pro.costa-verde.com\/as-confissoes-dos-melhores-chefs-do-mundo-por-nelson-marques\/#breadcrumb\"},\"inLanguage\":\"es\",\"potentialAction\":[{\"@type\":\"ReadAction\",\"target\":[\"https:\/\/pro.costa-verde.com\/as-confissoes-dos-melhores-chefs-do-mundo-por-nelson-marques\/\"]}]},{\"@type\":\"ImageObject\",\"inLanguage\":\"es\",\"@id\":\"https:\/\/pro.costa-verde.com\/as-confissoes-dos-melhores-chefs-do-mundo-por-nelson-marques\/#primaryimage\",\"url\":\"https:\/\/pro.costa-verde.com\/wp-content\/uploads\/2024\/07\/Shout-Estudio-Shout-Sauvage-CCB-Chefs-Sem-Reservas-Nelson-Marques-0150_websize-1-1.jpg\",\"contentUrl\":\"https:\/\/pro.costa-verde.com\/wp-content\/uploads\/2024\/07\/Shout-Estudio-Shout-Sauvage-CCB-Chefs-Sem-Reservas-Nelson-Marques-0150_websize-1-1.jpg\",\"width\":1067,\"height\":919},{\"@type\":\"BreadcrumbList\",\"@id\":\"https:\/\/pro.costa-verde.com\/as-confissoes-dos-melhores-chefs-do-mundo-por-nelson-marques\/#breadcrumb\",\"itemListElement\":[{\"@type\":\"ListItem\",\"position\":1,\"name\":\"In\u00edcio\",\"item\":\"https:\/\/pro.costa-verde.com\/es\/\"},{\"@type\":\"ListItem\",\"position\":2,\"name\":\"Las confesiones de los mejores chefs del mundo, por Nelson Marques\"}]},{\"@type\":\"WebSite\",\"@id\":\"https:\/\/pro.costa-verde.com\/#website\",\"url\":\"https:\/\/pro.costa-verde.com\/\",\"name\":\"Costa Verde\",\"description\":\"Loja Online\",\"potentialAction\":[{\"@type\":\"SearchAction\",\"target\":{\"@type\":\"EntryPoint\",\"urlTemplate\":\"https:\/\/pro.costa-verde.com\/?s={search_term_string}\"},\"query-input\":{\"@type\":\"PropertyValueSpecification\",\"valueRequired\":true,\"valueName\":\"search_term_string\"}}],\"inLanguage\":\"es\"},{\"@type\":\"Person\",\"@id\":\"https:\/\/pro.costa-verde.com\/#\/schema\/person\/f2a68a3a635720fb4c4232199425c92e\",\"name\":\"Rita Pires\",\"url\":\"https:\/\/pro.costa-verde.com\/es\/author\/rita-pires\/\"}]}<\/script>\n<!-- \/ Yoast SEO plugin. -->","yoast_head_json":{"title":"Las confesiones de los mejores chefs del mundo, por Nelson Marques","description":"Nelson Marques, uno de los mejores chefs del mundo, nos cuenta un poco sobre su \u00faltimo libro \u2013 Chefs Sin Reservas: Tercer Plato.","robots":{"index":"index","follow":"follow","max-snippet":"max-snippet:-1","max-image-preview":"max-image-preview:large","max-video-preview":"max-video-preview:-1"},"canonical":"https:\/\/pro.costa-verde.com\/as-confissoes-dos-melhores-chefs-do-mundo-por-nelson-marques\/","og_locale":"es_ES","og_type":"article","og_title":"Las confesiones de los mejores chefs del mundo, por Nelson Marques","og_description":"Nelson Marques, uno de los mejores chefs del mundo, nos cuenta un poco sobre su \u00faltimo libro \u2013 Chefs Sin Reservas: Tercer Plato.","og_url":"https:\/\/pro.costa-verde.com\/as-confissoes-dos-melhores-chefs-do-mundo-por-nelson-marques\/","og_site_name":"Costa Verde","article_publisher":"https:\/\/www.facebook.com\/costaverdeporcelanas\/","article_published_time":"2024-07-03T08:53:56+00:00","article_modified_time":"2025-05-26T07:45:57+00:00","og_image":[{"width":1067,"height":919,"url":"https:\/\/pro.costa-verde.com\/wp-content\/uploads\/2024\/07\/Shout-Estudio-Shout-Sauvage-CCB-Chefs-Sem-Reservas-Nelson-Marques-0150_websize-1-1.jpg","type":"image\/jpeg"}],"author":"Rita Pires","twitter_card":"summary_large_image","twitter_misc":{"Escrito por":"Rita Pires","Tiempo de lectura":"4 minutos"},"schema":{"@context":"https:\/\/schema.org","@graph":[{"@type":"Article","@id":"https:\/\/pro.costa-verde.com\/as-confissoes-dos-melhores-chefs-do-mundo-por-nelson-marques\/#article","isPartOf":{"@id":"https:\/\/pro.costa-verde.com\/as-confissoes-dos-melhores-chefs-do-mundo-por-nelson-marques\/"},"author":{"name":"Rita Pires","@id":"https:\/\/pro.costa-verde.com\/#\/schema\/person\/f2a68a3a635720fb4c4232199425c92e"},"headline":"Las confesiones de los mejores chefs del mundo, por Nelson Marques","datePublished":"2024-07-03T08:53:56+00:00","dateModified":"2025-05-26T07:45:57+00:00","mainEntityOfPage":{"@id":"https:\/\/pro.costa-verde.com\/as-confissoes-dos-melhores-chefs-do-mundo-por-nelson-marques\/"},"wordCount":739,"commentCount":0,"image":{"@id":"https:\/\/pro.costa-verde.com\/as-confissoes-dos-melhores-chefs-do-mundo-por-nelson-marques\/#primaryimage"},"thumbnailUrl":"https:\/\/pro.costa-verde.com\/wp-content\/uploads\/2024\/07\/Shout-Estudio-Shout-Sauvage-CCB-Chefs-Sem-Reservas-Nelson-Marques-0150_websize-1-1.jpg","articleSection":["Costa Verde","Gastronom\u00eda","Sin categorizar"],"inLanguage":"es","potentialAction":[{"@type":"CommentAction","name":"Comment","target":["https:\/\/pro.costa-verde.com\/as-confissoes-dos-melhores-chefs-do-mundo-por-nelson-marques\/#respond"]}]},{"@type":"WebPage","@id":"https:\/\/pro.costa-verde.com\/as-confissoes-dos-melhores-chefs-do-mundo-por-nelson-marques\/","url":"https:\/\/pro.costa-verde.com\/as-confissoes-dos-melhores-chefs-do-mundo-por-nelson-marques\/","name":"Las confesiones de los mejores chefs del mundo, por Nelson Marques","isPartOf":{"@id":"https:\/\/pro.costa-verde.com\/#website"},"primaryImageOfPage":{"@id":"https:\/\/pro.costa-verde.com\/as-confissoes-dos-melhores-chefs-do-mundo-por-nelson-marques\/#primaryimage"},"image":{"@id":"https:\/\/pro.costa-verde.com\/as-confissoes-dos-melhores-chefs-do-mundo-por-nelson-marques\/#primaryimage"},"thumbnailUrl":"https:\/\/pro.costa-verde.com\/wp-content\/uploads\/2024\/07\/Shout-Estudio-Shout-Sauvage-CCB-Chefs-Sem-Reservas-Nelson-Marques-0150_websize-1-1.jpg","datePublished":"2024-07-03T08:53:56+00:00","dateModified":"2025-05-26T07:45:57+00:00","author":{"@id":"https:\/\/pro.costa-verde.com\/#\/schema\/person\/f2a68a3a635720fb4c4232199425c92e"},"description":"Nelson Marques, uno de los mejores chefs del mundo, nos cuenta un poco sobre su \u00faltimo libro \u2013 Chefs Sin Reservas: Tercer Plato.","breadcrumb":{"@id":"https:\/\/pro.costa-verde.com\/as-confissoes-dos-melhores-chefs-do-mundo-por-nelson-marques\/#breadcrumb"},"inLanguage":"es","potentialAction":[{"@type":"ReadAction","target":["https:\/\/pro.costa-verde.com\/as-confissoes-dos-melhores-chefs-do-mundo-por-nelson-marques\/"]}]},{"@type":"ImageObject","inLanguage":"es","@id":"https:\/\/pro.costa-verde.com\/as-confissoes-dos-melhores-chefs-do-mundo-por-nelson-marques\/#primaryimage","url":"https:\/\/pro.costa-verde.com\/wp-content\/uploads\/2024\/07\/Shout-Estudio-Shout-Sauvage-CCB-Chefs-Sem-Reservas-Nelson-Marques-0150_websize-1-1.jpg","contentUrl":"https:\/\/pro.costa-verde.com\/wp-content\/uploads\/2024\/07\/Shout-Estudio-Shout-Sauvage-CCB-Chefs-Sem-Reservas-Nelson-Marques-0150_websize-1-1.jpg","width":1067,"height":919},{"@type":"BreadcrumbList","@id":"https:\/\/pro.costa-verde.com\/as-confissoes-dos-melhores-chefs-do-mundo-por-nelson-marques\/#breadcrumb","itemListElement":[{"@type":"ListItem","position":1,"name":"In\u00edcio","item":"https:\/\/pro.costa-verde.com\/es\/"},{"@type":"ListItem","position":2,"name":"Las confesiones de los mejores chefs del mundo, por Nelson Marques"}]},{"@type":"WebSite","@id":"https:\/\/pro.costa-verde.com\/#website","url":"https:\/\/pro.costa-verde.com\/","name":"Costa Verde","description":"Loja Online","potentialAction":[{"@type":"SearchAction","target":{"@type":"EntryPoint","urlTemplate":"https:\/\/pro.costa-verde.com\/?s={search_term_string}"},"query-input":{"@type":"PropertyValueSpecification","valueRequired":true,"valueName":"search_term_string"}}],"inLanguage":"es"},{"@type":"Person","@id":"https:\/\/pro.costa-verde.com\/#\/schema\/person\/f2a68a3a635720fb4c4232199425c92e","name":"Rita Pires","url":"https:\/\/pro.costa-verde.com\/es\/author\/rita-pires\/"}]}},"_links":{"self":[{"href":"https:\/\/pro.costa-verde.com\/es\/wp-json\/wp\/v2\/posts\/59604","targetHints":{"allow":["GET"]}}],"collection":[{"href":"https:\/\/pro.costa-verde.com\/es\/wp-json\/wp\/v2\/posts"}],"about":[{"href":"https:\/\/pro.costa-verde.com\/es\/wp-json\/wp\/v2\/types\/post"}],"author":[{"embeddable":true,"href":"https:\/\/pro.costa-verde.com\/es\/wp-json\/wp\/v2\/users\/438"}],"replies":[{"embeddable":true,"href":"https:\/\/pro.costa-verde.com\/es\/wp-json\/wp\/v2\/comments?post=59604"}],"version-history":[{"count":5,"href":"https:\/\/pro.costa-verde.com\/es\/wp-json\/wp\/v2\/posts\/59604\/revisions"}],"predecessor-version":[{"id":59677,"href":"https:\/\/pro.costa-verde.com\/es\/wp-json\/wp\/v2\/posts\/59604\/revisions\/59677"}],"wp:featuredmedia":[{"embeddable":true,"href":"https:\/\/pro.costa-verde.com\/es\/wp-json\/wp\/v2\/media\/59618"}],"wp:attachment":[{"href":"https:\/\/pro.costa-verde.com\/es\/wp-json\/wp\/v2\/media?parent=59604"}],"wp:term":[{"taxonomy":"category","embeddable":true,"href":"https:\/\/pro.costa-verde.com\/es\/wp-json\/wp\/v2\/categories?post=59604"},{"taxonomy":"post_tag","embeddable":true,"href":"https:\/\/pro.costa-verde.com\/es\/wp-json\/wp\/v2\/tags?post=59604"}],"curies":[{"name":"wp","href":"https:\/\/api.w.org\/{rel}","templated":true}]}}