{"id":59592,"date":"2024-06-28T13:04:34","date_gmt":"2024-06-28T12:04:34","guid":{"rendered":"https:\/\/pro.costa-verde.com\/?p=59592"},"modified":"2025-05-26T15:05:16","modified_gmt":"2025-05-26T14:05:16","slug":"costa-verde-en-vagos-sensation-gourmet-2024","status":"publish","type":"post","link":"https:\/\/pro.costa-verde.com\/es\/costa-verde-en-vagos-sensation-gourmet-2024\/","title":{"rendered":"\u00a1Costa Verde en Vagos Sensation Gourmet 2024!"},"content":{"rendered":"<p>Costa Verde patrocina la edici\u00f3n 2024 de <a href=\"https:\/\/vagossensationgourmet.com\/\">Vagos Sensation Gourmet<\/a>, con el tema \u00abExpr\u00e9sate\u00bb.<\/p>\n<p>Praia da Vagueira volver\u00e1 a ser el escenario de la 9\u00aa edici\u00f3n de Vagos Sensation Gourmet, este a\u00f1o en doble dosis. Los fines de semana del 28, 29 y 30 de junio y del 5, 6 y 7 de julio ser\u00e1n d\u00edas de intensa programaci\u00f3n, con la gastronom\u00eda y la cultura como lema. El evento acoger\u00e1 a numerosas estrellas Michelin, as\u00ed como a nombres emergentes de la gastronom\u00eda nacional e internacional, lo que supondr\u00e1 la movilizaci\u00f3n de m\u00e1s de 50 chefs, convirti\u00e9ndose en el \u00fanico festival gastron\u00f3mico nacional de este formato y dimensi\u00f3n. Durante estos seis d\u00edas, adem\u00e1s de los showcookings, charlas y debates, tambi\u00e9n est\u00e1 garantizada una buena dosis de entretenimiento musical.<\/p>\n<p>Nombres como Telma Shiraishi, fundadora de Aizom\u00ea en S\u00e3o Paulo, Brasil; Victor Guti\u00e9rrez, de Taller Arzuaga en Salamanca, Espa\u00f1a; Michel van der Kroft, de &#8216;t Nonnetje en Holanda; Diogo Rocha, de Mesa de Lemos, en Viseu, y Ant\u00f3nio Loureiro, de A Cozinha, en Guimar\u00e3es, estar\u00e1n presentes en este festival gastron\u00f3mico, as\u00ed como algunos de los chefs con estrellas Michelin y chefs locales, con el objetivo de reforzar las ra\u00edces con una expresi\u00f3n cultural muy fuerte, en una iniciativa liderada por el Chef Tony Martins, Chef del A\u00f1o 2020 y su excelente equipo.<\/p>\n<p><a href=\"https:\/\/pro.costa-verde.com\/\">Costa Verde<\/a> se asocia una vez m\u00e1s a este evento, que este a\u00f1o forma parte integrante del programa \u00abAveiro, Capital Portuguesa de la Cultura\u00bb<\/p>\n","protected":false},"excerpt":{"rendered":"<p>Costa Verde patrocina la edici\u00f3n 2024 de Vagos Sensation Gourmet, con el tema \u00abExpr\u00e9sate\u00bb. Praia da Vagueira volver\u00e1 a ser el escenario de la 9\u00aa edici\u00f3n de Vagos Sensation Gourmet, este a\u00f1o en doble dosis. Los fines de semana del 28, 29 y 30 de junio y del 5, 6 y 7 de julio ser\u00e1n [&hellip;]<\/p>\n","protected":false},"author":438,"featured_media":59597,"comment_status":"open","ping_status":"closed","sticky":false,"template":"","format":"standard","meta":{"footnotes":""},"categories":[196,248,265],"tags":[],"class_list":["post-59592","post","type-post","status-publish","format-standard","has-post-thumbnail","hentry","category-costa-verde-es","category-gastronomia-es","category-sin-categorizar"],"yoast_head":"<!-- This site is optimized with the Yoast SEO plugin v26.9 - https:\/\/yoast.com\/product\/yoast-seo-wordpress\/ -->\n<title>\u00a1Costa Verde en Vagos Sensation Gourmet 2024! - Costa Verde<\/title>\n<meta name=\"description\" content=\"Costa Verde patrocina o Vagos Sensation Gourmet 2024, com cultura, m\u00fasica e mais de 50 chefs em dois fins de semana na Praia da Vagueira.\" \/>\n<meta name=\"robots\" content=\"index, follow, max-snippet:-1, max-image-preview:large, max-video-preview:-1\" \/>\n<link rel=\"canonical\" href=\"https:\/\/pro.costa-verde.com\/vagos-sensation-gourmet-2024\/\" \/>\n<meta property=\"og:locale\" content=\"es_ES\" \/>\n<meta property=\"og:type\" content=\"article\" \/>\n<meta property=\"og:title\" content=\"\u00a1Costa Verde en Vagos Sensation Gourmet 2024! - Costa Verde\" \/>\n<meta property=\"og:description\" content=\"Costa Verde patrocina o Vagos Sensation Gourmet 2024, com cultura, m\u00fasica e mais de 50 chefs em dois fins de semana na Praia da Vagueira.\" \/>\n<meta property=\"og:url\" content=\"https:\/\/pro.costa-verde.com\/vagos-sensation-gourmet-2024\/\" \/>\n<meta property=\"og:site_name\" content=\"Costa Verde\" \/>\n<meta property=\"article:publisher\" content=\"https:\/\/www.facebook.com\/costaverdeporcelanas\/\" \/>\n<meta property=\"article:published_time\" content=\"2024-06-28T12:04:34+00:00\" \/>\n<meta property=\"article:modified_time\" content=\"2025-05-26T14:05:16+00:00\" \/>\n<meta property=\"og:image\" content=\"https:\/\/pro.costa-verde.com\/wp-content\/uploads\/2024\/06\/VSG2024_parceiros-redes-sociais_feed-02.jpg\" \/>\n\t<meta property=\"og:image:width\" content=\"1920\" \/>\n\t<meta property=\"og:image:height\" content=\"1920\" \/>\n\t<meta property=\"og:image:type\" content=\"image\/jpeg\" \/>\n<meta name=\"author\" content=\"Rita Pires\" \/>\n<meta name=\"twitter:card\" content=\"summary_large_image\" \/>\n<meta name=\"twitter:label1\" content=\"Escrito por\" \/>\n\t<meta name=\"twitter:data1\" content=\"Rita Pires\" \/>\n\t<meta name=\"twitter:label2\" content=\"Tiempo de lectura\" \/>\n\t<meta name=\"twitter:data2\" content=\"2 minutos\" \/>\n<script type=\"application\/ld+json\" class=\"yoast-schema-graph\">{\"@context\":\"https:\/\/schema.org\",\"@graph\":[{\"@type\":\"Article\",\"@id\":\"https:\/\/pro.costa-verde.com\/vagos-sensation-gourmet-2024\/#article\",\"isPartOf\":{\"@id\":\"https:\/\/pro.costa-verde.com\/vagos-sensation-gourmet-2024\/\"},\"author\":{\"name\":\"Rita Pires\",\"@id\":\"https:\/\/pro.costa-verde.com\/#\/schema\/person\/f2a68a3a635720fb4c4232199425c92e\"},\"headline\":\"\u00a1Costa Verde en Vagos Sensation Gourmet 2024!\",\"datePublished\":\"2024-06-28T12:04:34+00:00\",\"dateModified\":\"2025-05-26T14:05:16+00:00\",\"mainEntityOfPage\":{\"@id\":\"https:\/\/pro.costa-verde.com\/vagos-sensation-gourmet-2024\/\"},\"wordCount\":268,\"commentCount\":0,\"image\":{\"@id\":\"https:\/\/pro.costa-verde.com\/vagos-sensation-gourmet-2024\/#primaryimage\"},\"thumbnailUrl\":\"https:\/\/pro.costa-verde.com\/wp-content\/uploads\/2024\/06\/VSG2024_parceiros-redes-sociais_feed-02.jpg\",\"articleSection\":[\"Costa Verde\",\"Gastronom\u00eda\",\"Sin categorizar\"],\"inLanguage\":\"es\",\"potentialAction\":[{\"@type\":\"CommentAction\",\"name\":\"Comment\",\"target\":[\"https:\/\/pro.costa-verde.com\/vagos-sensation-gourmet-2024\/#respond\"]}]},{\"@type\":\"WebPage\",\"@id\":\"https:\/\/pro.costa-verde.com\/vagos-sensation-gourmet-2024\/\",\"url\":\"https:\/\/pro.costa-verde.com\/vagos-sensation-gourmet-2024\/\",\"name\":\"\u00a1Costa Verde en Vagos Sensation Gourmet 2024! - Costa Verde\",\"isPartOf\":{\"@id\":\"https:\/\/pro.costa-verde.com\/#website\"},\"primaryImageOfPage\":{\"@id\":\"https:\/\/pro.costa-verde.com\/vagos-sensation-gourmet-2024\/#primaryimage\"},\"image\":{\"@id\":\"https:\/\/pro.costa-verde.com\/vagos-sensation-gourmet-2024\/#primaryimage\"},\"thumbnailUrl\":\"https:\/\/pro.costa-verde.com\/wp-content\/uploads\/2024\/06\/VSG2024_parceiros-redes-sociais_feed-02.jpg\",\"datePublished\":\"2024-06-28T12:04:34+00:00\",\"dateModified\":\"2025-05-26T14:05:16+00:00\",\"author\":{\"@id\":\"https:\/\/pro.costa-verde.com\/#\/schema\/person\/f2a68a3a635720fb4c4232199425c92e\"},\"description\":\"Costa Verde patrocina o Vagos Sensation Gourmet 2024, com cultura, m\u00fasica e mais de 50 chefs em dois fins de semana na Praia da Vagueira.\",\"breadcrumb\":{\"@id\":\"https:\/\/pro.costa-verde.com\/vagos-sensation-gourmet-2024\/#breadcrumb\"},\"inLanguage\":\"es\",\"potentialAction\":[{\"@type\":\"ReadAction\",\"target\":[\"https:\/\/pro.costa-verde.com\/vagos-sensation-gourmet-2024\/\"]}]},{\"@type\":\"ImageObject\",\"inLanguage\":\"es\",\"@id\":\"https:\/\/pro.costa-verde.com\/vagos-sensation-gourmet-2024\/#primaryimage\",\"url\":\"https:\/\/pro.costa-verde.com\/wp-content\/uploads\/2024\/06\/VSG2024_parceiros-redes-sociais_feed-02.jpg\",\"contentUrl\":\"https:\/\/pro.costa-verde.com\/wp-content\/uploads\/2024\/06\/VSG2024_parceiros-redes-sociais_feed-02.jpg\",\"width\":1920,\"height\":1920},{\"@type\":\"BreadcrumbList\",\"@id\":\"https:\/\/pro.costa-verde.com\/vagos-sensation-gourmet-2024\/#breadcrumb\",\"itemListElement\":[{\"@type\":\"ListItem\",\"position\":1,\"name\":\"In\u00edcio\",\"item\":\"https:\/\/pro.costa-verde.com\/es\/\"},{\"@type\":\"ListItem\",\"position\":2,\"name\":\"\u00a1Costa Verde en Vagos Sensation Gourmet 2024!\"}]},{\"@type\":\"WebSite\",\"@id\":\"https:\/\/pro.costa-verde.com\/#website\",\"url\":\"https:\/\/pro.costa-verde.com\/\",\"name\":\"Costa Verde\",\"description\":\"Loja Online\",\"potentialAction\":[{\"@type\":\"SearchAction\",\"target\":{\"@type\":\"EntryPoint\",\"urlTemplate\":\"https:\/\/pro.costa-verde.com\/?s={search_term_string}\"},\"query-input\":{\"@type\":\"PropertyValueSpecification\",\"valueRequired\":true,\"valueName\":\"search_term_string\"}}],\"inLanguage\":\"es\"},{\"@type\":\"Person\",\"@id\":\"https:\/\/pro.costa-verde.com\/#\/schema\/person\/f2a68a3a635720fb4c4232199425c92e\",\"name\":\"Rita Pires\",\"url\":\"https:\/\/pro.costa-verde.com\/es\/author\/rita-pires\/\"}]}<\/script>\n<!-- \/ Yoast SEO plugin. -->","yoast_head_json":{"title":"\u00a1Costa Verde en Vagos Sensation Gourmet 2024! - Costa Verde","description":"Costa Verde patrocina o Vagos Sensation Gourmet 2024, com cultura, m\u00fasica e mais de 50 chefs em dois fins de semana na Praia da Vagueira.","robots":{"index":"index","follow":"follow","max-snippet":"max-snippet:-1","max-image-preview":"max-image-preview:large","max-video-preview":"max-video-preview:-1"},"canonical":"https:\/\/pro.costa-verde.com\/vagos-sensation-gourmet-2024\/","og_locale":"es_ES","og_type":"article","og_title":"\u00a1Costa Verde en Vagos Sensation Gourmet 2024! - Costa Verde","og_description":"Costa Verde patrocina o Vagos Sensation Gourmet 2024, com cultura, m\u00fasica e mais de 50 chefs em dois fins de semana na Praia da Vagueira.","og_url":"https:\/\/pro.costa-verde.com\/vagos-sensation-gourmet-2024\/","og_site_name":"Costa Verde","article_publisher":"https:\/\/www.facebook.com\/costaverdeporcelanas\/","article_published_time":"2024-06-28T12:04:34+00:00","article_modified_time":"2025-05-26T14:05:16+00:00","og_image":[{"width":1920,"height":1920,"url":"https:\/\/pro.costa-verde.com\/wp-content\/uploads\/2024\/06\/VSG2024_parceiros-redes-sociais_feed-02.jpg","type":"image\/jpeg"}],"author":"Rita Pires","twitter_card":"summary_large_image","twitter_misc":{"Escrito por":"Rita Pires","Tiempo de lectura":"2 minutos"},"schema":{"@context":"https:\/\/schema.org","@graph":[{"@type":"Article","@id":"https:\/\/pro.costa-verde.com\/vagos-sensation-gourmet-2024\/#article","isPartOf":{"@id":"https:\/\/pro.costa-verde.com\/vagos-sensation-gourmet-2024\/"},"author":{"name":"Rita Pires","@id":"https:\/\/pro.costa-verde.com\/#\/schema\/person\/f2a68a3a635720fb4c4232199425c92e"},"headline":"\u00a1Costa Verde en Vagos Sensation Gourmet 2024!","datePublished":"2024-06-28T12:04:34+00:00","dateModified":"2025-05-26T14:05:16+00:00","mainEntityOfPage":{"@id":"https:\/\/pro.costa-verde.com\/vagos-sensation-gourmet-2024\/"},"wordCount":268,"commentCount":0,"image":{"@id":"https:\/\/pro.costa-verde.com\/vagos-sensation-gourmet-2024\/#primaryimage"},"thumbnailUrl":"https:\/\/pro.costa-verde.com\/wp-content\/uploads\/2024\/06\/VSG2024_parceiros-redes-sociais_feed-02.jpg","articleSection":["Costa Verde","Gastronom\u00eda","Sin categorizar"],"inLanguage":"es","potentialAction":[{"@type":"CommentAction","name":"Comment","target":["https:\/\/pro.costa-verde.com\/vagos-sensation-gourmet-2024\/#respond"]}]},{"@type":"WebPage","@id":"https:\/\/pro.costa-verde.com\/vagos-sensation-gourmet-2024\/","url":"https:\/\/pro.costa-verde.com\/vagos-sensation-gourmet-2024\/","name":"\u00a1Costa Verde en Vagos Sensation Gourmet 2024! - Costa Verde","isPartOf":{"@id":"https:\/\/pro.costa-verde.com\/#website"},"primaryImageOfPage":{"@id":"https:\/\/pro.costa-verde.com\/vagos-sensation-gourmet-2024\/#primaryimage"},"image":{"@id":"https:\/\/pro.costa-verde.com\/vagos-sensation-gourmet-2024\/#primaryimage"},"thumbnailUrl":"https:\/\/pro.costa-verde.com\/wp-content\/uploads\/2024\/06\/VSG2024_parceiros-redes-sociais_feed-02.jpg","datePublished":"2024-06-28T12:04:34+00:00","dateModified":"2025-05-26T14:05:16+00:00","author":{"@id":"https:\/\/pro.costa-verde.com\/#\/schema\/person\/f2a68a3a635720fb4c4232199425c92e"},"description":"Costa Verde patrocina o Vagos Sensation Gourmet 2024, com cultura, m\u00fasica e mais de 50 chefs em dois fins de semana na Praia da Vagueira.","breadcrumb":{"@id":"https:\/\/pro.costa-verde.com\/vagos-sensation-gourmet-2024\/#breadcrumb"},"inLanguage":"es","potentialAction":[{"@type":"ReadAction","target":["https:\/\/pro.costa-verde.com\/vagos-sensation-gourmet-2024\/"]}]},{"@type":"ImageObject","inLanguage":"es","@id":"https:\/\/pro.costa-verde.com\/vagos-sensation-gourmet-2024\/#primaryimage","url":"https:\/\/pro.costa-verde.com\/wp-content\/uploads\/2024\/06\/VSG2024_parceiros-redes-sociais_feed-02.jpg","contentUrl":"https:\/\/pro.costa-verde.com\/wp-content\/uploads\/2024\/06\/VSG2024_parceiros-redes-sociais_feed-02.jpg","width":1920,"height":1920},{"@type":"BreadcrumbList","@id":"https:\/\/pro.costa-verde.com\/vagos-sensation-gourmet-2024\/#breadcrumb","itemListElement":[{"@type":"ListItem","position":1,"name":"In\u00edcio","item":"https:\/\/pro.costa-verde.com\/es\/"},{"@type":"ListItem","position":2,"name":"\u00a1Costa Verde en Vagos Sensation Gourmet 2024!"}]},{"@type":"WebSite","@id":"https:\/\/pro.costa-verde.com\/#website","url":"https:\/\/pro.costa-verde.com\/","name":"Costa Verde","description":"Loja Online","potentialAction":[{"@type":"SearchAction","target":{"@type":"EntryPoint","urlTemplate":"https:\/\/pro.costa-verde.com\/?s={search_term_string}"},"query-input":{"@type":"PropertyValueSpecification","valueRequired":true,"valueName":"search_term_string"}}],"inLanguage":"es"},{"@type":"Person","@id":"https:\/\/pro.costa-verde.com\/#\/schema\/person\/f2a68a3a635720fb4c4232199425c92e","name":"Rita Pires","url":"https:\/\/pro.costa-verde.com\/es\/author\/rita-pires\/"}]}},"_links":{"self":[{"href":"https:\/\/pro.costa-verde.com\/es\/wp-json\/wp\/v2\/posts\/59592","targetHints":{"allow":["GET"]}}],"collection":[{"href":"https:\/\/pro.costa-verde.com\/es\/wp-json\/wp\/v2\/posts"}],"about":[{"href":"https:\/\/pro.costa-verde.com\/es\/wp-json\/wp\/v2\/types\/post"}],"author":[{"embeddable":true,"href":"https:\/\/pro.costa-verde.com\/es\/wp-json\/wp\/v2\/users\/438"}],"replies":[{"embeddable":true,"href":"https:\/\/pro.costa-verde.com\/es\/wp-json\/wp\/v2\/comments?post=59592"}],"version-history":[{"count":3,"href":"https:\/\/pro.costa-verde.com\/es\/wp-json\/wp\/v2\/posts\/59592\/revisions"}],"predecessor-version":[{"id":66255,"href":"https:\/\/pro.costa-verde.com\/es\/wp-json\/wp\/v2\/posts\/59592\/revisions\/66255"}],"wp:featuredmedia":[{"embeddable":true,"href":"https:\/\/pro.costa-verde.com\/es\/wp-json\/wp\/v2\/media\/59597"}],"wp:attachment":[{"href":"https:\/\/pro.costa-verde.com\/es\/wp-json\/wp\/v2\/media?parent=59592"}],"wp:term":[{"taxonomy":"category","embeddable":true,"href":"https:\/\/pro.costa-verde.com\/es\/wp-json\/wp\/v2\/categories?post=59592"},{"taxonomy":"post_tag","embeddable":true,"href":"https:\/\/pro.costa-verde.com\/es\/wp-json\/wp\/v2\/tags?post=59592"}],"curies":[{"name":"wp","href":"https:\/\/api.w.org\/{rel}","templated":true}]}}