{"id":57515,"date":"2024-10-11T16:35:01","date_gmt":"2024-10-11T15:35:01","guid":{"rendered":"https:\/\/pro.costa-verde.com\/?p=57515"},"modified":"2024-10-11T16:57:14","modified_gmt":"2024-10-11T15:57:14","slug":"la-impresion-3d-un-futuro-en-la-industria-de-la-porcelana-por-hiseedtech","status":"publish","type":"post","link":"https:\/\/pro.costa-verde.com\/es\/la-impresion-3d-un-futuro-en-la-industria-de-la-porcelana-por-hiseedtech\/","title":{"rendered":"La impresi\u00f3n 3D, \u00bfun futuro en la industria de la porcelana? por Pedro Vilarinho"},"content":{"rendered":"<p>En un mercado caracterizado por la transici\u00f3n de la personalizaci\u00f3n masiva a la personalizaci\u00f3n masiva (impulsada por la Industria 4.0), las industrias tienen que adaptarse a una participaci\u00f3n cada vez mayor del consumidor en el dise\u00f1o de los productos. Los procesos de fabricaci\u00f3n tienen que redise\u00f1arse para aumentar la variedad manteniendo la productividad y el coste. La impresi\u00f3n 3D ha permitido iniciar este camino en industrias donde las barreras tecnol\u00f3gicas no son elevadas, pero en la industria de la porcelana su adopci\u00f3n es a\u00fan limitada, a pesar de las evidentes ventajas como:<\/p>\n<p><strong>Personalizaci\u00f3n y dise\u00f1o:<\/strong> los dise\u00f1os complejos y personalizados concebidos digitalmente y producidos mediante porcelana impresa en 3D pueden elevar el list\u00f3n de la creatividad y los creadores pueden crear objetos \u00fanicos e intrincados que ser\u00edan dif\u00edciles o imposibles de producir por m\u00e9todos tradicionales.<\/p>\n<p><strong>Uso sostenible de los materiales:<\/strong> en la impresi\u00f3n 3D de porcelana, los objetos se construyen capa por capa, lo que minimiza el desperdicio de material. Al optimizar los dise\u00f1os en funci\u00f3n de la eficiencia de los materiales, los creadores pueden crear objetos de porcelana que son a la vez est\u00e9ticamente agradables y ecol\u00f3gicamente eficientes.<\/p>\n<p><strong>Creaci\u00f3n de prototipos:<\/strong> la impresi\u00f3n 3D permite a los creadores desarrollar sus proyectos de manera mucho m\u00e1s r\u00e1pida, eficiente y vers\u00e1til que con los m\u00e9todos tradicionales de creaci\u00f3n de prototipos. El consumidor final puede incluso formar parte de la creaci\u00f3n de su producto.<\/p>\n<p><strong>Producci\u00f3n bajo pedido:<\/strong> la impresi\u00f3n 3D permite la producci\u00f3n bajo pedido, con objetos que se fabrican en funci\u00f3n de la demanda, lo que reduce la necesidad de grandes stocks y los costes medioambientales asociados a la producci\u00f3n en masa.<\/p>\n<p>La impresi\u00f3n 3D en porcelana presenta varios retos que deben resolverse para la adopci\u00f3n e implantaci\u00f3n generalizadas de la tecnolog\u00eda. Algunos de estos retos son:<\/p>\n<p><strong>Requisitos del proceso:<\/strong> aspectos como las altas temperaturas de cocci\u00f3n, la contracci\u00f3n durante los ciclos t\u00e9rmicos y la fragilidad mec\u00e1nica hacen necesario adaptar las formulaciones de las pastas de porcelana para la impresi\u00f3n 3D sin sacrificar las propiedades est\u00e9ticas y mec\u00e1nicas deseadas.<\/p>\n<p><strong>Tecnolog\u00eda de impresi\u00f3n:<\/strong> las tecnolog\u00edas de impresi\u00f3n 3D existentes pueden no ser directamente aplicables a la porcelana. Es esencial desarrollar impresoras 3D especializadas capaces de imprimir materiales de porcelana con un control preciso de la deposici\u00f3n de capas y los tratamientos t\u00e9rmicos posteriores a la impresi\u00f3n, entre otros.<\/p>\n<p><strong>Conocimiento:<\/strong> Resolver estos retos requiere una colaboraci\u00f3n interdisciplinar entre ingenieros de materiales y mec\u00e1nicos y especialistas en impresi\u00f3n 3D para desarrollar soluciones innovadoras que resuelvan problemas que ya se han resuelto en otras industrias (pol\u00edmeros y metales) y avanzar en la implementaci\u00f3n de la tecnolog\u00eda de impresi\u00f3n 3D en la industria de la porcelana.<\/p>\n<p><img decoding=\"async\" class=\"alignnone wp-image-57517\" src=\"https:\/\/pro.costa-verde.com\/wp-content\/uploads\/2024\/04\/Pedro-Vilarinho-300x300.jpg\" alt=\"\" width=\"164\" height=\"164\" srcset=\"https:\/\/pro.costa-verde.com\/wp-content\/uploads\/2024\/04\/Pedro-Vilarinho-300x300.jpg 300w, https:\/\/pro.costa-verde.com\/wp-content\/uploads\/2024\/04\/Pedro-Vilarinho-150x150.jpg 150w, https:\/\/pro.costa-verde.com\/wp-content\/uploads\/2024\/04\/Pedro-Vilarinho-120x120.jpg 120w, https:\/\/pro.costa-verde.com\/wp-content\/uploads\/2024\/04\/Pedro-Vilarinho.jpg 347w\" sizes=\"(max-width: 164px) 100vw, 164px\" \/><\/p>\n<p><a href=\"https:\/\/www.linkedin.com\/in\/pedro-vilarinho-582aba6\/\">Pedro Vilarinho<\/a> &#8211; Director General de<a href=\"https:\/\/www.linkedin.com\/company\/hiseedtech\/\"> HiSeedTech\u00a0<\/a><\/p>\n<p>Pedro Vilarinho es licenciado en Ingenier\u00eda Electrotecnia y de Telecomunicaciones, M\u00e1ster en Ciencias de la Computaci\u00f3n y Doctor en Gesti\u00f3n e Ingenier\u00eda Industrial. Actualmente es Director General de HiSeedTech, una organizaci\u00f3n sin \u00e1nimo de lucro que fomenta la interconexi\u00f3n entre la investigaci\u00f3n cient\u00edfica y el mercado, apoyando la transferencia de tecnolog\u00eda mediante la innovaci\u00f3n abierta o apoyando la creaci\u00f3n de start-ups. Fue profesor en la Universidad de Aveiro hasta 2003, a\u00f1o en el que dej\u00f3 la universidad para unirse al equipo fundador de COTEC Portugal, donde permaneci\u00f3 hasta 2017. Ocupa (o ha ocupado) cargos directivos en varias start-ups, como Exogenus Therapeutics, CEV Converde, Extremochem y Thelial Technologies.<\/p>\n","protected":false},"excerpt":{"rendered":"<p>En un mercado caracterizado por la transici\u00f3n de la personalizaci\u00f3n masiva a la personalizaci\u00f3n masiva (impulsada por la Industria 4.0), las industrias tienen que adaptarse a una participaci\u00f3n cada vez mayor del consumidor en el dise\u00f1o de los productos. Los procesos de fabricaci\u00f3n tienen que redise\u00f1arse para aumentar la variedad manteniendo la productividad y el [&hellip;]<\/p>\n","protected":false},"author":438,"featured_media":60905,"comment_status":"open","ping_status":"closed","sticky":false,"template":"","format":"standard","meta":{"footnotes":""},"categories":[196,248,265],"tags":[],"class_list":["post-57515","post","type-post","status-publish","format-standard","has-post-thumbnail","hentry","category-costa-verde-es","category-gastronomia-es","category-sin-categorizar"],"yoast_head":"<!-- This site is optimized with the Yoast SEO plugin v26.9 - https:\/\/yoast.com\/product\/yoast-seo-wordpress\/ -->\n<title>La impresi\u00f3n 3D \u00bfUn futuro en la industria de la porcelana? Costa Verde<\/title>\n<meta name=\"description\" content=\"Pedro Vilarinho nos habla acerca de impresi\u00f3n 3D en la industria cer\u00e1mica! Sepa m\u00e1s aqui!\" \/>\n<meta name=\"robots\" content=\"index, follow, max-snippet:-1, max-image-preview:large, max-video-preview:-1\" \/>\n<link rel=\"canonical\" href=\"https:\/\/pro.costa-verde.com\/a-impressao-3d-um-futuro-na-industria-da-porcelana-por-pedro-vilarinho\/\" \/>\n<meta property=\"og:locale\" content=\"es_ES\" \/>\n<meta property=\"og:type\" content=\"article\" \/>\n<meta property=\"og:title\" content=\"La impresi\u00f3n 3D \u00bfUn futuro en la industria de la porcelana? Costa Verde\" \/>\n<meta property=\"og:description\" content=\"Pedro Vilarinho nos habla acerca de impresi\u00f3n 3D en la industria cer\u00e1mica! Sepa m\u00e1s aqui!\" \/>\n<meta property=\"og:url\" content=\"https:\/\/pro.costa-verde.com\/a-impressao-3d-um-futuro-na-industria-da-porcelana-por-pedro-vilarinho\/\" \/>\n<meta property=\"og:site_name\" content=\"Costa Verde\" \/>\n<meta property=\"article:publisher\" content=\"https:\/\/www.facebook.com\/costaverdeporcelanas\/\" \/>\n<meta property=\"article:published_time\" content=\"2024-10-11T15:35:01+00:00\" \/>\n<meta property=\"article:modified_time\" content=\"2024-10-11T15:57:14+00:00\" \/>\n<meta property=\"og:image\" content=\"https:\/\/pro.costa-verde.com\/wp-content\/uploads\/2024\/10\/IMG_2640_corte_limpo_FINAL.jpg\" \/>\n\t<meta property=\"og:image:width\" content=\"1920\" \/>\n\t<meta property=\"og:image:height\" content=\"1540\" \/>\n\t<meta property=\"og:image:type\" content=\"image\/jpeg\" \/>\n<meta name=\"author\" content=\"Rita Pires\" \/>\n<meta name=\"twitter:card\" content=\"summary_large_image\" \/>\n<meta name=\"twitter:label1\" content=\"Escrito por\" \/>\n\t<meta name=\"twitter:data1\" content=\"Rita Pires\" \/>\n\t<meta name=\"twitter:label2\" content=\"Tiempo de lectura\" \/>\n\t<meta name=\"twitter:data2\" content=\"3 minutos\" \/>\n<script type=\"application\/ld+json\" class=\"yoast-schema-graph\">{\"@context\":\"https:\/\/schema.org\",\"@graph\":[{\"@type\":\"Article\",\"@id\":\"https:\/\/pro.costa-verde.com\/a-impressao-3d-um-futuro-na-industria-da-porcelana-por-pedro-vilarinho\/#article\",\"isPartOf\":{\"@id\":\"https:\/\/pro.costa-verde.com\/a-impressao-3d-um-futuro-na-industria-da-porcelana-por-pedro-vilarinho\/\"},\"author\":{\"name\":\"Rita Pires\",\"@id\":\"https:\/\/pro.costa-verde.com\/#\/schema\/person\/f2a68a3a635720fb4c4232199425c92e\"},\"headline\":\"La impresi\u00f3n 3D, \u00bfun futuro en la industria de la porcelana? por Pedro Vilarinho\",\"datePublished\":\"2024-10-11T15:35:01+00:00\",\"dateModified\":\"2024-10-11T15:57:14+00:00\",\"mainEntityOfPage\":{\"@id\":\"https:\/\/pro.costa-verde.com\/a-impressao-3d-um-futuro-na-industria-da-porcelana-por-pedro-vilarinho\/\"},\"wordCount\":640,\"commentCount\":0,\"image\":{\"@id\":\"https:\/\/pro.costa-verde.com\/a-impressao-3d-um-futuro-na-industria-da-porcelana-por-pedro-vilarinho\/#primaryimage\"},\"thumbnailUrl\":\"https:\/\/pro.costa-verde.com\/wp-content\/uploads\/2024\/10\/IMG_2640_corte_limpo_FINAL.jpg\",\"articleSection\":[\"Costa Verde\",\"Gastronom\u00eda\",\"Sin categorizar\"],\"inLanguage\":\"es\",\"potentialAction\":[{\"@type\":\"CommentAction\",\"name\":\"Comment\",\"target\":[\"https:\/\/pro.costa-verde.com\/a-impressao-3d-um-futuro-na-industria-da-porcelana-por-pedro-vilarinho\/#respond\"]}]},{\"@type\":\"WebPage\",\"@id\":\"https:\/\/pro.costa-verde.com\/a-impressao-3d-um-futuro-na-industria-da-porcelana-por-pedro-vilarinho\/\",\"url\":\"https:\/\/pro.costa-verde.com\/a-impressao-3d-um-futuro-na-industria-da-porcelana-por-pedro-vilarinho\/\",\"name\":\"La impresi\u00f3n 3D \u00bfUn futuro en la industria de la porcelana? Costa Verde\",\"isPartOf\":{\"@id\":\"https:\/\/pro.costa-verde.com\/#website\"},\"primaryImageOfPage\":{\"@id\":\"https:\/\/pro.costa-verde.com\/a-impressao-3d-um-futuro-na-industria-da-porcelana-por-pedro-vilarinho\/#primaryimage\"},\"image\":{\"@id\":\"https:\/\/pro.costa-verde.com\/a-impressao-3d-um-futuro-na-industria-da-porcelana-por-pedro-vilarinho\/#primaryimage\"},\"thumbnailUrl\":\"https:\/\/pro.costa-verde.com\/wp-content\/uploads\/2024\/10\/IMG_2640_corte_limpo_FINAL.jpg\",\"datePublished\":\"2024-10-11T15:35:01+00:00\",\"dateModified\":\"2024-10-11T15:57:14+00:00\",\"author\":{\"@id\":\"https:\/\/pro.costa-verde.com\/#\/schema\/person\/f2a68a3a635720fb4c4232199425c92e\"},\"description\":\"Pedro Vilarinho nos habla acerca de impresi\u00f3n 3D en la industria cer\u00e1mica! Sepa m\u00e1s aqui!\",\"breadcrumb\":{\"@id\":\"https:\/\/pro.costa-verde.com\/a-impressao-3d-um-futuro-na-industria-da-porcelana-por-pedro-vilarinho\/#breadcrumb\"},\"inLanguage\":\"es\",\"potentialAction\":[{\"@type\":\"ReadAction\",\"target\":[\"https:\/\/pro.costa-verde.com\/a-impressao-3d-um-futuro-na-industria-da-porcelana-por-pedro-vilarinho\/\"]}]},{\"@type\":\"ImageObject\",\"inLanguage\":\"es\",\"@id\":\"https:\/\/pro.costa-verde.com\/a-impressao-3d-um-futuro-na-industria-da-porcelana-por-pedro-vilarinho\/#primaryimage\",\"url\":\"https:\/\/pro.costa-verde.com\/wp-content\/uploads\/2024\/10\/IMG_2640_corte_limpo_FINAL.jpg\",\"contentUrl\":\"https:\/\/pro.costa-verde.com\/wp-content\/uploads\/2024\/10\/IMG_2640_corte_limpo_FINAL.jpg\",\"width\":1920,\"height\":1540},{\"@type\":\"BreadcrumbList\",\"@id\":\"https:\/\/pro.costa-verde.com\/a-impressao-3d-um-futuro-na-industria-da-porcelana-por-pedro-vilarinho\/#breadcrumb\",\"itemListElement\":[{\"@type\":\"ListItem\",\"position\":1,\"name\":\"In\u00edcio\",\"item\":\"https:\/\/pro.costa-verde.com\/es\/\"},{\"@type\":\"ListItem\",\"position\":2,\"name\":\"La impresi\u00f3n 3D, \u00bfun futuro en la industria de la porcelana? por Pedro Vilarinho\"}]},{\"@type\":\"WebSite\",\"@id\":\"https:\/\/pro.costa-verde.com\/#website\",\"url\":\"https:\/\/pro.costa-verde.com\/\",\"name\":\"Costa Verde\",\"description\":\"Loja Online\",\"potentialAction\":[{\"@type\":\"SearchAction\",\"target\":{\"@type\":\"EntryPoint\",\"urlTemplate\":\"https:\/\/pro.costa-verde.com\/?s={search_term_string}\"},\"query-input\":{\"@type\":\"PropertyValueSpecification\",\"valueRequired\":true,\"valueName\":\"search_term_string\"}}],\"inLanguage\":\"es\"},{\"@type\":\"Person\",\"@id\":\"https:\/\/pro.costa-verde.com\/#\/schema\/person\/f2a68a3a635720fb4c4232199425c92e\",\"name\":\"Rita Pires\",\"url\":\"https:\/\/pro.costa-verde.com\/es\/author\/rita-pires\/\"}]}<\/script>\n<!-- \/ Yoast SEO plugin. -->","yoast_head_json":{"title":"La impresi\u00f3n 3D \u00bfUn futuro en la industria de la porcelana? Costa Verde","description":"Pedro Vilarinho nos habla acerca de impresi\u00f3n 3D en la industria cer\u00e1mica! Sepa m\u00e1s aqui!","robots":{"index":"index","follow":"follow","max-snippet":"max-snippet:-1","max-image-preview":"max-image-preview:large","max-video-preview":"max-video-preview:-1"},"canonical":"https:\/\/pro.costa-verde.com\/a-impressao-3d-um-futuro-na-industria-da-porcelana-por-pedro-vilarinho\/","og_locale":"es_ES","og_type":"article","og_title":"La impresi\u00f3n 3D \u00bfUn futuro en la industria de la porcelana? Costa Verde","og_description":"Pedro Vilarinho nos habla acerca de impresi\u00f3n 3D en la industria cer\u00e1mica! Sepa m\u00e1s aqui!","og_url":"https:\/\/pro.costa-verde.com\/a-impressao-3d-um-futuro-na-industria-da-porcelana-por-pedro-vilarinho\/","og_site_name":"Costa Verde","article_publisher":"https:\/\/www.facebook.com\/costaverdeporcelanas\/","article_published_time":"2024-10-11T15:35:01+00:00","article_modified_time":"2024-10-11T15:57:14+00:00","og_image":[{"width":1920,"height":1540,"url":"https:\/\/pro.costa-verde.com\/wp-content\/uploads\/2024\/10\/IMG_2640_corte_limpo_FINAL.jpg","type":"image\/jpeg"}],"author":"Rita Pires","twitter_card":"summary_large_image","twitter_misc":{"Escrito por":"Rita Pires","Tiempo de lectura":"3 minutos"},"schema":{"@context":"https:\/\/schema.org","@graph":[{"@type":"Article","@id":"https:\/\/pro.costa-verde.com\/a-impressao-3d-um-futuro-na-industria-da-porcelana-por-pedro-vilarinho\/#article","isPartOf":{"@id":"https:\/\/pro.costa-verde.com\/a-impressao-3d-um-futuro-na-industria-da-porcelana-por-pedro-vilarinho\/"},"author":{"name":"Rita Pires","@id":"https:\/\/pro.costa-verde.com\/#\/schema\/person\/f2a68a3a635720fb4c4232199425c92e"},"headline":"La impresi\u00f3n 3D, \u00bfun futuro en la industria de la porcelana? por Pedro Vilarinho","datePublished":"2024-10-11T15:35:01+00:00","dateModified":"2024-10-11T15:57:14+00:00","mainEntityOfPage":{"@id":"https:\/\/pro.costa-verde.com\/a-impressao-3d-um-futuro-na-industria-da-porcelana-por-pedro-vilarinho\/"},"wordCount":640,"commentCount":0,"image":{"@id":"https:\/\/pro.costa-verde.com\/a-impressao-3d-um-futuro-na-industria-da-porcelana-por-pedro-vilarinho\/#primaryimage"},"thumbnailUrl":"https:\/\/pro.costa-verde.com\/wp-content\/uploads\/2024\/10\/IMG_2640_corte_limpo_FINAL.jpg","articleSection":["Costa Verde","Gastronom\u00eda","Sin categorizar"],"inLanguage":"es","potentialAction":[{"@type":"CommentAction","name":"Comment","target":["https:\/\/pro.costa-verde.com\/a-impressao-3d-um-futuro-na-industria-da-porcelana-por-pedro-vilarinho\/#respond"]}]},{"@type":"WebPage","@id":"https:\/\/pro.costa-verde.com\/a-impressao-3d-um-futuro-na-industria-da-porcelana-por-pedro-vilarinho\/","url":"https:\/\/pro.costa-verde.com\/a-impressao-3d-um-futuro-na-industria-da-porcelana-por-pedro-vilarinho\/","name":"La impresi\u00f3n 3D \u00bfUn futuro en la industria de la porcelana? Costa Verde","isPartOf":{"@id":"https:\/\/pro.costa-verde.com\/#website"},"primaryImageOfPage":{"@id":"https:\/\/pro.costa-verde.com\/a-impressao-3d-um-futuro-na-industria-da-porcelana-por-pedro-vilarinho\/#primaryimage"},"image":{"@id":"https:\/\/pro.costa-verde.com\/a-impressao-3d-um-futuro-na-industria-da-porcelana-por-pedro-vilarinho\/#primaryimage"},"thumbnailUrl":"https:\/\/pro.costa-verde.com\/wp-content\/uploads\/2024\/10\/IMG_2640_corte_limpo_FINAL.jpg","datePublished":"2024-10-11T15:35:01+00:00","dateModified":"2024-10-11T15:57:14+00:00","author":{"@id":"https:\/\/pro.costa-verde.com\/#\/schema\/person\/f2a68a3a635720fb4c4232199425c92e"},"description":"Pedro Vilarinho nos habla acerca de impresi\u00f3n 3D en la industria cer\u00e1mica! Sepa m\u00e1s aqui!","breadcrumb":{"@id":"https:\/\/pro.costa-verde.com\/a-impressao-3d-um-futuro-na-industria-da-porcelana-por-pedro-vilarinho\/#breadcrumb"},"inLanguage":"es","potentialAction":[{"@type":"ReadAction","target":["https:\/\/pro.costa-verde.com\/a-impressao-3d-um-futuro-na-industria-da-porcelana-por-pedro-vilarinho\/"]}]},{"@type":"ImageObject","inLanguage":"es","@id":"https:\/\/pro.costa-verde.com\/a-impressao-3d-um-futuro-na-industria-da-porcelana-por-pedro-vilarinho\/#primaryimage","url":"https:\/\/pro.costa-verde.com\/wp-content\/uploads\/2024\/10\/IMG_2640_corte_limpo_FINAL.jpg","contentUrl":"https:\/\/pro.costa-verde.com\/wp-content\/uploads\/2024\/10\/IMG_2640_corte_limpo_FINAL.jpg","width":1920,"height":1540},{"@type":"BreadcrumbList","@id":"https:\/\/pro.costa-verde.com\/a-impressao-3d-um-futuro-na-industria-da-porcelana-por-pedro-vilarinho\/#breadcrumb","itemListElement":[{"@type":"ListItem","position":1,"name":"In\u00edcio","item":"https:\/\/pro.costa-verde.com\/es\/"},{"@type":"ListItem","position":2,"name":"La impresi\u00f3n 3D, \u00bfun futuro en la industria de la porcelana? por Pedro Vilarinho"}]},{"@type":"WebSite","@id":"https:\/\/pro.costa-verde.com\/#website","url":"https:\/\/pro.costa-verde.com\/","name":"Costa Verde","description":"Loja Online","potentialAction":[{"@type":"SearchAction","target":{"@type":"EntryPoint","urlTemplate":"https:\/\/pro.costa-verde.com\/?s={search_term_string}"},"query-input":{"@type":"PropertyValueSpecification","valueRequired":true,"valueName":"search_term_string"}}],"inLanguage":"es"},{"@type":"Person","@id":"https:\/\/pro.costa-verde.com\/#\/schema\/person\/f2a68a3a635720fb4c4232199425c92e","name":"Rita Pires","url":"https:\/\/pro.costa-verde.com\/es\/author\/rita-pires\/"}]}},"_links":{"self":[{"href":"https:\/\/pro.costa-verde.com\/es\/wp-json\/wp\/v2\/posts\/57515","targetHints":{"allow":["GET"]}}],"collection":[{"href":"https:\/\/pro.costa-verde.com\/es\/wp-json\/wp\/v2\/posts"}],"about":[{"href":"https:\/\/pro.costa-verde.com\/es\/wp-json\/wp\/v2\/types\/post"}],"author":[{"embeddable":true,"href":"https:\/\/pro.costa-verde.com\/es\/wp-json\/wp\/v2\/users\/438"}],"replies":[{"embeddable":true,"href":"https:\/\/pro.costa-verde.com\/es\/wp-json\/wp\/v2\/comments?post=57515"}],"version-history":[{"count":5,"href":"https:\/\/pro.costa-verde.com\/es\/wp-json\/wp\/v2\/posts\/57515\/revisions"}],"predecessor-version":[{"id":60912,"href":"https:\/\/pro.costa-verde.com\/es\/wp-json\/wp\/v2\/posts\/57515\/revisions\/60912"}],"wp:featuredmedia":[{"embeddable":true,"href":"https:\/\/pro.costa-verde.com\/es\/wp-json\/wp\/v2\/media\/60905"}],"wp:attachment":[{"href":"https:\/\/pro.costa-verde.com\/es\/wp-json\/wp\/v2\/media?parent=57515"}],"wp:term":[{"taxonomy":"category","embeddable":true,"href":"https:\/\/pro.costa-verde.com\/es\/wp-json\/wp\/v2\/categories?post=57515"},{"taxonomy":"post_tag","embeddable":true,"href":"https:\/\/pro.costa-verde.com\/es\/wp-json\/wp\/v2\/tags?post=57515"}],"curies":[{"name":"wp","href":"https:\/\/api.w.org\/{rel}","templated":true}]}}