{"id":49600,"date":"2023-03-28T17:33:09","date_gmt":"2023-03-28T16:33:09","guid":{"rendered":"https:\/\/pro.costa-verde.com\/?p=49600"},"modified":"2023-03-28T17:33:09","modified_gmt":"2023-03-28T16:33:09","slug":"preparando-la-temporada-alta-con-th2","status":"publish","type":"post","link":"https:\/\/pro.costa-verde.com\/es\/preparando-la-temporada-alta-con-th2\/","title":{"rendered":"\u00a1Preparando la temporada alta con TH2!"},"content":{"rendered":"<p><strong>Preparaci\u00f3n de la temporada alta con TH2.<\/strong><\/p>\n<p>Ya sabemos c\u00f3mo son las cosas: llegan los meses de verano y los alojamientos se llenan de todo tipo de clientes y mercados. Unos m\u00e1s exigentes, otros m\u00e1s permisivos, oscilando entre los que compran todos los servicios a los hoteles y los que consumen bar y poco m\u00e1s. Mucho o poco, lo que es cierto y sabido es que es una \u00e9poca que exige mucha mano de obra, disponibilidad y sobre todo preparaci\u00f3n.<\/p>\n<p>Pero, aunque sea previsible, ni todas las direcciones de hoteles lo tienen todo pensado cuando llega el momento de abrir las puertas para la temporada alta. Compartimos 5 puntos clave que usted debe preparar ahora, en temporada baja, para estar mejor preparado para la temporada de alta demanda:<\/p>\n<p><strong>1) Becarios:<\/strong> Adem\u00e1s de ser una valiosa ayuda, son potenciales futuros empleados que participan en ese \u00abmodo de prueba\u00bb. Aseg\u00farese un plan de pr\u00e1cticas para su empresa, que debe contener una gesti\u00f3n adecuada de las expectativas, con una buena dosis de motivaci\u00f3n: formaci\u00f3n, preparaci\u00f3n, demostraci\u00f3n e implicaci\u00f3n son indispensables.<\/p>\n<p><strong>2) Servicios:<\/strong> Sin olvidar el mantenimiento general de los edificios y su entorno, debe existir una planificaci\u00f3n de actividades y servicios. \u00bfQu\u00e9 servicios fueron los m\u00e1s solicitados en su alojamiento durante el mismo periodo del a\u00f1o pasado? \u00bfQu\u00e9 servicios y elementos contribuyen mejor a la buena reputaci\u00f3n de su alojamiento? \u00bfReabrir el restaurante o el snack-bar de la piscina? \u00bfDisponer temporalmente de piscina exterior o sauna (s\u00ed, es posible)? Aquellos que sean apreciados por sus hu\u00e9spedes, aunque s\u00f3lo sean detalles y a\u00f1adidos, como el mensaje de bienvenida, el servicio especial de <em>turn down<\/em>, aquellas actividades diferenciadoras (como la hora del cuento, las sesiones de cine, el footing matutino, las sesiones de meditaci\u00f3n, etc.). Sobre todo, aseg\u00farese de que lo \u00faltimo que le entrega a su cliente, cuando se marche, no sea justo la factura de su estancia, sino otra cosa.<\/p>\n<p><strong>3) Existencias y rendimiento:<\/strong> Cuente sus existencias. Desde las toallas, hasta los servicios, platos y todo lo dem\u00e1s que necesite para que est\u00e9 preparado, porque la constancia es determinante en la confianza de cualquier empresa. Evite fallar a la hora de ofrecer lo que el cliente desea (y a menudo lo que hace con que vuelva). \u00bfEs el chef el mismo? \u00bfSabe el camarero elaborar los c\u00f3cteles que tantos \u00abme gusta\u00bb generan en Instagram? \u00bfEst\u00e1 al tanto de las crisis de transporte que pueden generar retrasos inesperados? \u00bfSabe que lo que sirve y lo que compra son un reflejo de su estructura organizativa, en t\u00e9rminos de sostenibilidad y car\u00e1cter?<\/p>\n<p><strong>4) Rese\u00f1as: <\/strong>Las rese\u00f1as no son solo formas de entender qu\u00e9 cambiar y mejorar, son una de las formas m\u00e1s importantes de comunicarse y llegar a un cliente. Porque la experiencia de tu hu\u00e9sped (lo que se qued\u00f3 y lo que est\u00e1 por venir) no termina cuando se va. Mant\u00e9ngase en contacto con su hu\u00e9sped, refuerce su simpat\u00eda por el privilegio que tuvo al recibirlo y atenderlo.<\/p>\n<p><strong>5) Sitio Web:<\/strong> Tenga el control total: reservas, informaci\u00f3n, galer\u00eda, blog, pop-ups, posicionamiento, palabras clave, etc. Muchos canales de reservas online son aut\u00e9nticos hipermercados de habitaciones, sin mucha diferenciaci\u00f3n. A pesar de ser imprescindibles, funcionan como un \u00abbuscador de hoteles\u00bb, llevando al cliente a visitar su sitio web, antes de tomar una decisi\u00f3n sobre la reserva. Es en tu sitio web donde deben residir todas las promociones y oportunidades de reserva, siendo \u00e9ste el canal de comunicaci\u00f3n n\u00famero uno: checkout agilizado, \u00e1rea reservada para hu\u00e9spedes alojados, \u00e1rea de informaci\u00f3n y reserva de experiencias, programaci\u00f3n de servicios, etc.<\/p>\n<p>Todas las estructuras hoteleras tienen diferentes niveles de demanda y gesti\u00f3n. No hay dos alojamientos iguales, aunque est\u00e9n en perfecta competencia. Por lo tanto, la identificaci\u00f3n de las limitaciones del destino, de la organizaci\u00f3n y del propio complejo dictar\u00e1n el tipo de preparaci\u00f3n necesaria, para que, durante el per\u00edodo m\u00e1s turbulento de su operaci\u00f3n, pueda funcionar a pleno rendimiento.<\/p>\n<p><img fetchpriority=\"high\" decoding=\"async\" class=\"alignnone wp-image-49620 size-medium\" src=\"https:\/\/pro.costa-verde.com\/wp-content\/uploads\/2023\/03\/novaversaoth2-300x169.jpg\" alt=\"Preparaci\u00f3n de la temporada alta con TH2!\" width=\"300\" height=\"169\" srcset=\"https:\/\/pro.costa-verde.com\/wp-content\/uploads\/2023\/03\/novaversaoth2-300x169.jpg 300w, https:\/\/pro.costa-verde.com\/wp-content\/uploads\/2023\/03\/novaversaoth2-1024x576.jpg 1024w, https:\/\/pro.costa-verde.com\/wp-content\/uploads\/2023\/03\/novaversaoth2-768x432.jpg 768w, https:\/\/pro.costa-verde.com\/wp-content\/uploads\/2023\/03\/novaversaoth2-600x337.jpg 600w, https:\/\/pro.costa-verde.com\/wp-content\/uploads\/2023\/03\/novaversaoth2-120x67.jpg 120w, https:\/\/pro.costa-verde.com\/wp-content\/uploads\/2023\/03\/novaversaoth2.jpg 1366w\" sizes=\"(max-width: 300px) 100vw, 300px\" \/><\/p>\n<p>\u00abHab\u00eda una vez una empresa formada por la pasi\u00f3n por los hoteles con encanto, la obsesi\u00f3n por la hospitalidad y la vocaci\u00f3n de servicio. Formamos equipos, lanzamos proyectos, auditamos departamentos. T de Turismo. H de Hospitality y proyectos 2 to square , impulsarlos y optimizarlos. Ese es el desaf\u00edo constante de esta empresa fundada en 2007 por m\u00ed, so\u00f1adora de su nombre Catarina Var\u00e3o\u00bb &#8211; <a href=\"https:\/\/www.th2.com.pt\/\">TH2<\/a><\/p>\n","protected":false},"excerpt":{"rendered":"<p>Preparaci\u00f3n de la temporada alta con TH2. Ya sabemos c\u00f3mo son las cosas: llegan los meses de verano y los alojamientos se llenan de todo tipo de clientes y mercados. Unos m\u00e1s exigentes, otros m\u00e1s permisivos, oscilando entre los que compran todos los servicios a los hoteles y los que consumen bar y poco m\u00e1s. [&hellip;]<\/p>\n","protected":false},"author":438,"featured_media":49612,"comment_status":"open","ping_status":"closed","sticky":false,"template":"","format":"standard","meta":{"footnotes":""},"categories":[196,1797],"tags":[],"class_list":["post-49600","post","type-post","status-publish","format-standard","has-post-thumbnail","hentry","category-costa-verde-es","category-gestion-hotelera"],"yoast_head":"<!-- This site is optimized with the Yoast SEO plugin v26.9 - https:\/\/yoast.com\/product\/yoast-seo-wordpress\/ -->\n<title>\u00a1Preparando la temporada alta con TH2! - Costa Verde<\/title>\n<meta name=\"description\" content=\"La porcelana es una elecci\u00f3n cl\u00e1sica y elegante cuando se trata de vajillas y utensilios dom\u00e9sticos. Sepa por qu\u00e9!\" \/>\n<meta name=\"robots\" content=\"index, follow, max-snippet:-1, max-image-preview:large, max-video-preview:-1\" \/>\n<link rel=\"canonical\" href=\"https:\/\/pro.costa-verde.com\/epoca-alta-em-preparacao-pela-th2\/\" \/>\n<meta property=\"og:locale\" content=\"es_ES\" \/>\n<meta property=\"og:type\" content=\"article\" \/>\n<meta property=\"og:title\" content=\"\u00a1Preparando la temporada alta con TH2! - Costa Verde\" \/>\n<meta property=\"og:description\" content=\"La porcelana es una elecci\u00f3n cl\u00e1sica y elegante cuando se trata de vajillas y utensilios dom\u00e9sticos. Sepa por qu\u00e9!\" \/>\n<meta property=\"og:url\" content=\"https:\/\/pro.costa-verde.com\/epoca-alta-em-preparacao-pela-th2\/\" \/>\n<meta property=\"og:site_name\" content=\"Costa Verde\" \/>\n<meta property=\"article:publisher\" content=\"https:\/\/www.facebook.com\/costaverdeporcelanas\/\" \/>\n<meta property=\"article:published_time\" content=\"2023-03-28T16:33:09+00:00\" \/>\n<meta property=\"og:image\" content=\"https:\/\/pro.costa-verde.com\/wp-content\/uploads\/2023\/03\/marrocos.jpg\" \/>\n\t<meta property=\"og:image:width\" content=\"1600\" \/>\n\t<meta property=\"og:image:height\" content=\"1066\" \/>\n\t<meta property=\"og:image:type\" content=\"image\/jpeg\" \/>\n<meta name=\"author\" content=\"Rita Pires\" \/>\n<meta name=\"twitter:card\" content=\"summary_large_image\" \/>\n<meta name=\"twitter:label1\" content=\"Escrito por\" \/>\n\t<meta name=\"twitter:data1\" content=\"Rita Pires\" \/>\n\t<meta name=\"twitter:label2\" content=\"Tiempo de lectura\" \/>\n\t<meta name=\"twitter:data2\" content=\"4 minutos\" \/>\n<script type=\"application\/ld+json\" class=\"yoast-schema-graph\">{\"@context\":\"https:\/\/schema.org\",\"@graph\":[{\"@type\":\"Article\",\"@id\":\"https:\/\/pro.costa-verde.com\/epoca-alta-em-preparacao-pela-th2\/#article\",\"isPartOf\":{\"@id\":\"https:\/\/pro.costa-verde.com\/epoca-alta-em-preparacao-pela-th2\/\"},\"author\":{\"name\":\"Rita Pires\",\"@id\":\"https:\/\/pro.costa-verde.com\/#\/schema\/person\/f2a68a3a635720fb4c4232199425c92e\"},\"headline\":\"\u00a1Preparando la temporada alta con TH2!\",\"datePublished\":\"2023-03-28T16:33:09+00:00\",\"mainEntityOfPage\":{\"@id\":\"https:\/\/pro.costa-verde.com\/epoca-alta-em-preparacao-pela-th2\/\"},\"wordCount\":773,\"commentCount\":0,\"image\":{\"@id\":\"https:\/\/pro.costa-verde.com\/epoca-alta-em-preparacao-pela-th2\/#primaryimage\"},\"thumbnailUrl\":\"https:\/\/pro.costa-verde.com\/wp-content\/uploads\/2023\/03\/marrocos.jpg\",\"articleSection\":[\"Costa Verde\",\"Gesti\u00f3n Hotelera\"],\"inLanguage\":\"es\",\"potentialAction\":[{\"@type\":\"CommentAction\",\"name\":\"Comment\",\"target\":[\"https:\/\/pro.costa-verde.com\/epoca-alta-em-preparacao-pela-th2\/#respond\"]}]},{\"@type\":\"WebPage\",\"@id\":\"https:\/\/pro.costa-verde.com\/epoca-alta-em-preparacao-pela-th2\/\",\"url\":\"https:\/\/pro.costa-verde.com\/epoca-alta-em-preparacao-pela-th2\/\",\"name\":\"\u00a1Preparando la temporada alta con TH2! - Costa Verde\",\"isPartOf\":{\"@id\":\"https:\/\/pro.costa-verde.com\/#website\"},\"primaryImageOfPage\":{\"@id\":\"https:\/\/pro.costa-verde.com\/epoca-alta-em-preparacao-pela-th2\/#primaryimage\"},\"image\":{\"@id\":\"https:\/\/pro.costa-verde.com\/epoca-alta-em-preparacao-pela-th2\/#primaryimage\"},\"thumbnailUrl\":\"https:\/\/pro.costa-verde.com\/wp-content\/uploads\/2023\/03\/marrocos.jpg\",\"datePublished\":\"2023-03-28T16:33:09+00:00\",\"author\":{\"@id\":\"https:\/\/pro.costa-verde.com\/#\/schema\/person\/f2a68a3a635720fb4c4232199425c92e\"},\"description\":\"La porcelana es una elecci\u00f3n cl\u00e1sica y elegante cuando se trata de vajillas y utensilios dom\u00e9sticos. Sepa por qu\u00e9!\",\"breadcrumb\":{\"@id\":\"https:\/\/pro.costa-verde.com\/epoca-alta-em-preparacao-pela-th2\/#breadcrumb\"},\"inLanguage\":\"es\",\"potentialAction\":[{\"@type\":\"ReadAction\",\"target\":[\"https:\/\/pro.costa-verde.com\/epoca-alta-em-preparacao-pela-th2\/\"]}]},{\"@type\":\"ImageObject\",\"inLanguage\":\"es\",\"@id\":\"https:\/\/pro.costa-verde.com\/epoca-alta-em-preparacao-pela-th2\/#primaryimage\",\"url\":\"https:\/\/pro.costa-verde.com\/wp-content\/uploads\/2023\/03\/marrocos.jpg\",\"contentUrl\":\"https:\/\/pro.costa-verde.com\/wp-content\/uploads\/2023\/03\/marrocos.jpg\",\"width\":1600,\"height\":1066,\"caption\":\"Escolher a Prepara\u00e7\u00e3o de \u00c9poca Alta com TH2\"},{\"@type\":\"BreadcrumbList\",\"@id\":\"https:\/\/pro.costa-verde.com\/epoca-alta-em-preparacao-pela-th2\/#breadcrumb\",\"itemListElement\":[{\"@type\":\"ListItem\",\"position\":1,\"name\":\"In\u00edcio\",\"item\":\"https:\/\/pro.costa-verde.com\/es\/\"},{\"@type\":\"ListItem\",\"position\":2,\"name\":\"\u00a1Preparando la temporada alta con TH2!\"}]},{\"@type\":\"WebSite\",\"@id\":\"https:\/\/pro.costa-verde.com\/#website\",\"url\":\"https:\/\/pro.costa-verde.com\/\",\"name\":\"Costa Verde\",\"description\":\"Loja Online\",\"potentialAction\":[{\"@type\":\"SearchAction\",\"target\":{\"@type\":\"EntryPoint\",\"urlTemplate\":\"https:\/\/pro.costa-verde.com\/?s={search_term_string}\"},\"query-input\":{\"@type\":\"PropertyValueSpecification\",\"valueRequired\":true,\"valueName\":\"search_term_string\"}}],\"inLanguage\":\"es\"},{\"@type\":\"Person\",\"@id\":\"https:\/\/pro.costa-verde.com\/#\/schema\/person\/f2a68a3a635720fb4c4232199425c92e\",\"name\":\"Rita Pires\",\"url\":\"https:\/\/pro.costa-verde.com\/es\/author\/rita-pires\/\"}]}<\/script>\n<!-- \/ Yoast SEO plugin. -->","yoast_head_json":{"title":"\u00a1Preparando la temporada alta con TH2! - Costa Verde","description":"La porcelana es una elecci\u00f3n cl\u00e1sica y elegante cuando se trata de vajillas y utensilios dom\u00e9sticos. Sepa por qu\u00e9!","robots":{"index":"index","follow":"follow","max-snippet":"max-snippet:-1","max-image-preview":"max-image-preview:large","max-video-preview":"max-video-preview:-1"},"canonical":"https:\/\/pro.costa-verde.com\/epoca-alta-em-preparacao-pela-th2\/","og_locale":"es_ES","og_type":"article","og_title":"\u00a1Preparando la temporada alta con TH2! - Costa Verde","og_description":"La porcelana es una elecci\u00f3n cl\u00e1sica y elegante cuando se trata de vajillas y utensilios dom\u00e9sticos. Sepa por qu\u00e9!","og_url":"https:\/\/pro.costa-verde.com\/epoca-alta-em-preparacao-pela-th2\/","og_site_name":"Costa Verde","article_publisher":"https:\/\/www.facebook.com\/costaverdeporcelanas\/","article_published_time":"2023-03-28T16:33:09+00:00","og_image":[{"width":1600,"height":1066,"url":"https:\/\/pro.costa-verde.com\/wp-content\/uploads\/2023\/03\/marrocos.jpg","type":"image\/jpeg"}],"author":"Rita Pires","twitter_card":"summary_large_image","twitter_misc":{"Escrito por":"Rita Pires","Tiempo de lectura":"4 minutos"},"schema":{"@context":"https:\/\/schema.org","@graph":[{"@type":"Article","@id":"https:\/\/pro.costa-verde.com\/epoca-alta-em-preparacao-pela-th2\/#article","isPartOf":{"@id":"https:\/\/pro.costa-verde.com\/epoca-alta-em-preparacao-pela-th2\/"},"author":{"name":"Rita Pires","@id":"https:\/\/pro.costa-verde.com\/#\/schema\/person\/f2a68a3a635720fb4c4232199425c92e"},"headline":"\u00a1Preparando la temporada alta con TH2!","datePublished":"2023-03-28T16:33:09+00:00","mainEntityOfPage":{"@id":"https:\/\/pro.costa-verde.com\/epoca-alta-em-preparacao-pela-th2\/"},"wordCount":773,"commentCount":0,"image":{"@id":"https:\/\/pro.costa-verde.com\/epoca-alta-em-preparacao-pela-th2\/#primaryimage"},"thumbnailUrl":"https:\/\/pro.costa-verde.com\/wp-content\/uploads\/2023\/03\/marrocos.jpg","articleSection":["Costa Verde","Gesti\u00f3n Hotelera"],"inLanguage":"es","potentialAction":[{"@type":"CommentAction","name":"Comment","target":["https:\/\/pro.costa-verde.com\/epoca-alta-em-preparacao-pela-th2\/#respond"]}]},{"@type":"WebPage","@id":"https:\/\/pro.costa-verde.com\/epoca-alta-em-preparacao-pela-th2\/","url":"https:\/\/pro.costa-verde.com\/epoca-alta-em-preparacao-pela-th2\/","name":"\u00a1Preparando la temporada alta con TH2! - Costa Verde","isPartOf":{"@id":"https:\/\/pro.costa-verde.com\/#website"},"primaryImageOfPage":{"@id":"https:\/\/pro.costa-verde.com\/epoca-alta-em-preparacao-pela-th2\/#primaryimage"},"image":{"@id":"https:\/\/pro.costa-verde.com\/epoca-alta-em-preparacao-pela-th2\/#primaryimage"},"thumbnailUrl":"https:\/\/pro.costa-verde.com\/wp-content\/uploads\/2023\/03\/marrocos.jpg","datePublished":"2023-03-28T16:33:09+00:00","author":{"@id":"https:\/\/pro.costa-verde.com\/#\/schema\/person\/f2a68a3a635720fb4c4232199425c92e"},"description":"La porcelana es una elecci\u00f3n cl\u00e1sica y elegante cuando se trata de vajillas y utensilios dom\u00e9sticos. Sepa por qu\u00e9!","breadcrumb":{"@id":"https:\/\/pro.costa-verde.com\/epoca-alta-em-preparacao-pela-th2\/#breadcrumb"},"inLanguage":"es","potentialAction":[{"@type":"ReadAction","target":["https:\/\/pro.costa-verde.com\/epoca-alta-em-preparacao-pela-th2\/"]}]},{"@type":"ImageObject","inLanguage":"es","@id":"https:\/\/pro.costa-verde.com\/epoca-alta-em-preparacao-pela-th2\/#primaryimage","url":"https:\/\/pro.costa-verde.com\/wp-content\/uploads\/2023\/03\/marrocos.jpg","contentUrl":"https:\/\/pro.costa-verde.com\/wp-content\/uploads\/2023\/03\/marrocos.jpg","width":1600,"height":1066,"caption":"Escolher a Prepara\u00e7\u00e3o de \u00c9poca Alta com TH2"},{"@type":"BreadcrumbList","@id":"https:\/\/pro.costa-verde.com\/epoca-alta-em-preparacao-pela-th2\/#breadcrumb","itemListElement":[{"@type":"ListItem","position":1,"name":"In\u00edcio","item":"https:\/\/pro.costa-verde.com\/es\/"},{"@type":"ListItem","position":2,"name":"\u00a1Preparando la temporada alta con TH2!"}]},{"@type":"WebSite","@id":"https:\/\/pro.costa-verde.com\/#website","url":"https:\/\/pro.costa-verde.com\/","name":"Costa Verde","description":"Loja Online","potentialAction":[{"@type":"SearchAction","target":{"@type":"EntryPoint","urlTemplate":"https:\/\/pro.costa-verde.com\/?s={search_term_string}"},"query-input":{"@type":"PropertyValueSpecification","valueRequired":true,"valueName":"search_term_string"}}],"inLanguage":"es"},{"@type":"Person","@id":"https:\/\/pro.costa-verde.com\/#\/schema\/person\/f2a68a3a635720fb4c4232199425c92e","name":"Rita Pires","url":"https:\/\/pro.costa-verde.com\/es\/author\/rita-pires\/"}]}},"_links":{"self":[{"href":"https:\/\/pro.costa-verde.com\/es\/wp-json\/wp\/v2\/posts\/49600","targetHints":{"allow":["GET"]}}],"collection":[{"href":"https:\/\/pro.costa-verde.com\/es\/wp-json\/wp\/v2\/posts"}],"about":[{"href":"https:\/\/pro.costa-verde.com\/es\/wp-json\/wp\/v2\/types\/post"}],"author":[{"embeddable":true,"href":"https:\/\/pro.costa-verde.com\/es\/wp-json\/wp\/v2\/users\/438"}],"replies":[{"embeddable":true,"href":"https:\/\/pro.costa-verde.com\/es\/wp-json\/wp\/v2\/comments?post=49600"}],"version-history":[{"count":2,"href":"https:\/\/pro.costa-verde.com\/es\/wp-json\/wp\/v2\/posts\/49600\/revisions"}],"predecessor-version":[{"id":54397,"href":"https:\/\/pro.costa-verde.com\/es\/wp-json\/wp\/v2\/posts\/49600\/revisions\/54397"}],"wp:featuredmedia":[{"embeddable":true,"href":"https:\/\/pro.costa-verde.com\/es\/wp-json\/wp\/v2\/media\/49612"}],"wp:attachment":[{"href":"https:\/\/pro.costa-verde.com\/es\/wp-json\/wp\/v2\/media?parent=49600"}],"wp:term":[{"taxonomy":"category","embeddable":true,"href":"https:\/\/pro.costa-verde.com\/es\/wp-json\/wp\/v2\/categories?post=49600"},{"taxonomy":"post_tag","embeddable":true,"href":"https:\/\/pro.costa-verde.com\/es\/wp-json\/wp\/v2\/tags?post=49600"}],"curies":[{"name":"wp","href":"https:\/\/api.w.org\/{rel}","templated":true}]}}